{"id":32923,"date":"2022-10-20T21:33:46","date_gmt":"2022-10-21T02:33:46","guid":{"rendered":"https:\/\/encuentroinformativo.com.mx\/?p=32923"},"modified":"2022-10-20T21:33:49","modified_gmt":"2022-10-21T02:33:49","slug":"frente-frio-4-desplomo-carretera-a-tec-de-alvarado","status":"publish","type":"post","link":"https:\/\/encuentroinformativo.com.mx\/?p=32923","title":{"rendered":"Frente Frio 4 desplom\u00f3 carretera a Tec de Alvarado"},"content":{"rendered":"\n<p><strong>Alejandro \u00c1vila<\/strong><\/p>\n\n\n\n<p>Alvarado, Ver.- El camino de La Trocha que lleva hacia el Instituto Tecnol\u00f3gico Superior de Alvarado (ITSAV) a la altura de La Bocana, qued\u00f3 totalmente inhabilitado tras desplomarse un tramo la tarde de este mi\u00e9rcoles.<\/p>\n\n\n\n<p>Desde hace a\u00f1os, alumnos, docentes y personal administrativo han reportado el riesgo que corren al transitar por el lugar, debido a que el golpeteo constante de las olas del mar fueron deteriorando poco a poco la ruta y creando diversos socavones qu\u00e9 terminaron por colapsar la tarde de este mi\u00e9rcoles.<\/p>\n\n\n\n<p>Este jueves la Secretar\u00eda de Educaci\u00f3n de Veracruz (SEV) inform\u00f3 que, tambi\u00e9n hubo da\u00f1o a los postes de luz, y en el cableado el\u00e9ctrico y telef\u00f3nico de la zona.<\/p>\n\n\n\n<p>La dependencia estatal asegur\u00f3 que se encuentran coadyuvando con las autoridades administrativas del ITSAV, as\u00ed como con el Ayuntamiento de Alvarado, para lograr el apoyo de la Secretar\u00eda de Infraestructura y Obra P\u00fablica (SIOP), con el fin de agilizar los trabajos de reparaci\u00f3n en el citado camino.<\/p>\n\n\n\n<p>En el comunicado se puntualiz\u00f3 que, ya se hab\u00eda logrado conseguir maquinaria para rehabilitar la ruta hacia el ITSAV; sin embargo, debido al Frente Fr\u00edo n\u00famero 4, se retras\u00f3 la llegada del equipo.<\/p>\n\n\n\n<p>Finalmente, se dio a conocer que por el momento no habr\u00e1 acceso a las instalaciones del plantel educativo, y todo tr\u00e1mite qu\u00e9 se deba realizar, ser\u00e1 a trav\u00e9s de correo electr\u00f3nico; aunque a\u00fan no sea mencionado si se volver\u00e1 a clases virtuales, al menos por unos d\u00edas.<\/p>\n","protected":false},"excerpt":{"rendered":"<p>Alejandro \u00c1vila Alvarado, Ver.- El camino de La Trocha que lleva hacia el Instituto Tecnol\u00f3gico Superior de Alvarado (ITSAV) a la altura de La Bocana, qued\u00f3 totalmente inhabilitado tras desplomarse un tramo la tarde de este mi\u00e9rcoles. Desde hace a\u00f1os, alumnos, docentes y personal administrativo han reportado el riesgo que corren al transitar por el [&hellip;]<\/p>\n","protected":false},"author":1,"featured_media":32924,"comment_status":"open","ping_status":"open","sticky":false,"template":"","format":"standard","meta":{"_jetpack_memberships_contains_paid_content":false,"footnotes":""},"categories":[2],"tags":[],"class_list":["post-32923","post","type-post","status-publish","format-standard","has-post-thumbnail","hentry","category-estado"],"jetpack_featured_media_url":"https:\/\/encuentroinformativo.com.mx\/wp-content\/uploads\/2022\/10\/5C0B1427-3897-4E7C-8576-FC4B1F027FB1.jpeg","jetpack_sharing_enabled":true,"jetpack_likes_enabled":true,"amp_enabled":true,"_links":{"self":[{"href":"https:\/\/encuentroinformativo.com.mx\/index.php?rest_route=\/wp\/v2\/posts\/32923","targetHints":{"allow":["GET"]}}],"collection":[{"href":"https:\/\/encuentroinformativo.com.mx\/index.php?rest_route=\/wp\/v2\/posts"}],"about":[{"href":"https:\/\/encuentroinformativo.com.mx\/index.php?rest_route=\/wp\/v2\/types\/post"}],"author":[{"embeddable":true,"href":"https:\/\/encuentroinformativo.com.mx\/index.php?rest_route=\/wp\/v2\/users\/1"}],"replies":[{"embeddable":true,"href":"https:\/\/encuentroinformativo.com.mx\/index.php?rest_route=%2Fwp%2Fv2%2Fcomments&post=32923"}],"version-history":[{"count":1,"href":"https:\/\/encuentroinformativo.com.mx\/index.php?rest_route=\/wp\/v2\/posts\/32923\/revisions"}],"predecessor-version":[{"id":32925,"href":"https:\/\/encuentroinformativo.com.mx\/index.php?rest_route=\/wp\/v2\/posts\/32923\/revisions\/32925"}],"wp:featuredmedia":[{"embeddable":true,"href":"https:\/\/encuentroinformativo.com.mx\/index.php?rest_route=\/wp\/v2\/media\/32924"}],"wp:attachment":[{"href":"https:\/\/encuentroinformativo.com.mx\/index.php?rest_route=%2Fwp%2Fv2%2Fmedia&parent=32923"}],"wp:term":[{"taxonomy":"category","embeddable":true,"href":"https:\/\/encuentroinformativo.com.mx\/index.php?rest_route=%2Fwp%2Fv2%2Fcategories&post=32923"},{"taxonomy":"post_tag","embeddable":true,"href":"https:\/\/encuentroinformativo.com.mx\/index.php?rest_route=%2Fwp%2Fv2%2Ftags&post=32923"}],"curies":[{"name":"wp","href":"https:\/\/api.w.org\/{rel}","templated":true}]}}