{"id":32928,"date":"2022-10-21T10:10:04","date_gmt":"2022-10-21T15:10:04","guid":{"rendered":"https:\/\/encuentroinformativo.com.mx\/?p=32928"},"modified":"2022-10-21T10:10:07","modified_gmt":"2022-10-21T15:10:07","slug":"a-pedir-de-boca-llego-para-cuidar-y-hacer-crecer-el-empleo-alcalde-jm-unanue","status":"publish","type":"post","link":"https:\/\/encuentroinformativo.com.mx\/?p=32928","title":{"rendered":"\u201cA pedir de Boca\u201d lleg\u00f3 para cuidar y hacer crecer el empleo: Alcalde JM Un\u00e1nue"},"content":{"rendered":"\n<p><strong>*<em>M\u00e1s de 400 negocios han sido parte de este proyecto gastron\u00f3mico; \u00fanico en su tipo en el Estado de Veracruz<\/em>.<\/strong><\/p>\n\n\n\n<p>Boca del R\u00edo, Ver.- Desde el inicio de esta administraci\u00f3n, el gobierno de Boca del R\u00edo que encabeza Juan Manuel Un\u00e1nue Abascal, se ha ocupado por impulsar al comercio local del municipio con una estrategia de difusi\u00f3n generada con el programa gastron\u00f3mico \u201cA pedir de Boca\u201d.<\/p>\n\n\n\n<p>El objetivo de este programa es dar a conocer en rede sociales a los negocios boque\u00f1os y que a la par incrementen sus ventas, as\u00ed como el cuidar el empleo despu\u00e9s de dos a\u00f1os cr\u00edticos causados por la pandemia.<\/p>\n\n\n\n<p>Estas acciones han tenido gran aceptaci\u00f3n en las redes sociales como Facebook, Instagram y Tik Tok, pues gracias a ello, 77 mil 327 seguidores han podido conocer y consumir diversos productos de m\u00e1s de 400 negocios de alimentos y bebidas que reflejan el esfuerzo, talento y dedicaci\u00f3n de cientos de emprendedores boque\u00f1os.<\/p>\n\n\n\n<p>Destac\u00f3 el mun\u00edcipe, que los grandes desaf\u00edos que se han presentado en los \u00faltimos a\u00f1os, obligan a que su gobierno innove mediante programas y pol\u00edticas que ayuden a impulsar a estos sectores de la econom\u00eda local.<\/p>\n\n\n\n<p>\u201cEl programa municipal \u2018A pedir de Boca\u2019, es el \u00fanico de su tipo a nivel estatal, el cual fomenta el consumo local a trav\u00e9s de las diferentes plataformas digitales de redes sociales\u201d, destac\u00f3 el Edil.<\/p>\n\n\n\n<p>Sin duda sigue siendo todo un \u00e9xito, pues se han generado m\u00e1s de 4 mil empleos, adem\u00e1s de mantener con los que ya contaban, esto, gracias al consumo de todos los que han visitado y degustado un amplio universo de productos de primera calidad, reconoci\u00f3 Un\u00e1nue Abascal.<\/p>\n\n\n\n<p>Y enfatiz\u00f3: \u201cEl programa no tiene costo para quienes participan, un aliciente m\u00e1s, para seguir contribuyendo en la generaci\u00f3n y permanencia de empleos en las micros, peque\u00f1as y medianas empresas vinculadas al sector\u201d.<\/p>\n\n\n\n<p>La gastronom\u00eda boque\u00f1a, es uno de los pilares m\u00e1s importantes de la oferta tur\u00edstica de Boca del R\u00edo, lo que se ha convertido en un tesoro invaluable para la ciudad de mayor modernidad en Veracruz.<\/p>\n\n\n\n<p>Gracias a estas nuevas herramientas digitales, se difunden de manera masiva sus productos, no solo para el conocimiento de las boque\u00f1as y boque\u00f1os, sino tambi\u00e9n para el crecimiento de los negocios en la zona metropolitana que d\u00eda a d\u00eda demuestran su trabajo, esfuerzo y dedicaci\u00f3n.<\/p>\n\n\n\n<p>Finalmente, Juan Manuel Un\u00e1nue Abascal, recalc\u00f3 que Boca del R\u00edo es unos de los destinos tur\u00edsticos preferidos de la regi\u00f3n sur del pa\u00eds, convirtiendo a la ciudad, en lo mejor de Veracruz.<\/p>\n\n\n\n<p>Si buscas un delicioso platillo y deleitarte en compa\u00f1\u00eda de tu familia o amigos, sigue las cuentas de \u201cA pedir de Boca\u201d en redes sociales:<br>Facebook: @A PEDIR DE BOCA<br>Instagram: @APEDIR DEBOCA_OFICIAL<br>Tik Tok: APEDIRDEBOCA_OFICIAL<\/p>\n","protected":false},"excerpt":{"rendered":"<p>*M\u00e1s de 400 negocios han sido parte de este proyecto gastron\u00f3mico; \u00fanico en su tipo en el Estado de Veracruz. Boca del R\u00edo, Ver.- Desde el inicio de esta administraci\u00f3n, el gobierno de Boca del R\u00edo que encabeza Juan Manuel Un\u00e1nue Abascal, se ha ocupado por impulsar al comercio local del municipio con una estrategia [&hellip;]<\/p>\n","protected":false},"author":1,"featured_media":32929,"comment_status":"open","ping_status":"open","sticky":false,"template":"","format":"standard","meta":{"_jetpack_memberships_contains_paid_content":false,"footnotes":""},"categories":[2],"tags":[],"class_list":["post-32928","post","type-post","status-publish","format-standard","has-post-thumbnail","hentry","category-estado"],"jetpack_featured_media_url":"https:\/\/encuentroinformativo.com.mx\/wp-content\/uploads\/2022\/10\/3214129B-5726-47BC-9F85-B5B4C6811124.jpeg","jetpack_sharing_enabled":true,"jetpack_likes_enabled":true,"amp_enabled":true,"_links":{"self":[{"href":"https:\/\/encuentroinformativo.com.mx\/index.php?rest_route=\/wp\/v2\/posts\/32928","targetHints":{"allow":["GET"]}}],"collection":[{"href":"https:\/\/encuentroinformativo.com.mx\/index.php?rest_route=\/wp\/v2\/posts"}],"about":[{"href":"https:\/\/encuentroinformativo.com.mx\/index.php?rest_route=\/wp\/v2\/types\/post"}],"author":[{"embeddable":true,"href":"https:\/\/encuentroinformativo.com.mx\/index.php?rest_route=\/wp\/v2\/users\/1"}],"replies":[{"embeddable":true,"href":"https:\/\/encuentroinformativo.com.mx\/index.php?rest_route=%2Fwp%2Fv2%2Fcomments&post=32928"}],"version-history":[{"count":1,"href":"https:\/\/encuentroinformativo.com.mx\/index.php?rest_route=\/wp\/v2\/posts\/32928\/revisions"}],"predecessor-version":[{"id":32930,"href":"https:\/\/encuentroinformativo.com.mx\/index.php?rest_route=\/wp\/v2\/posts\/32928\/revisions\/32930"}],"wp:featuredmedia":[{"embeddable":true,"href":"https:\/\/encuentroinformativo.com.mx\/index.php?rest_route=\/wp\/v2\/media\/32929"}],"wp:attachment":[{"href":"https:\/\/encuentroinformativo.com.mx\/index.php?rest_route=%2Fwp%2Fv2%2Fmedia&parent=32928"}],"wp:term":[{"taxonomy":"category","embeddable":true,"href":"https:\/\/encuentroinformativo.com.mx\/index.php?rest_route=%2Fwp%2Fv2%2Fcategories&post=32928"},{"taxonomy":"post_tag","embeddable":true,"href":"https:\/\/encuentroinformativo.com.mx\/index.php?rest_route=%2Fwp%2Fv2%2Ftags&post=32928"}],"curies":[{"name":"wp","href":"https:\/\/api.w.org\/{rel}","templated":true}]}}