{"id":32934,"date":"2022-10-21T10:58:12","date_gmt":"2022-10-21T15:58:12","guid":{"rendered":"https:\/\/encuentroinformativo.com.mx\/?p=32934"},"modified":"2022-10-21T10:58:16","modified_gmt":"2022-10-21T15:58:16","slug":"ex-alcalde-de-alvarado-acusa-a-nuevo-sub-secretario-de-ssp-de-amenazas","status":"publish","type":"post","link":"https:\/\/encuentroinformativo.com.mx\/?p=32934","title":{"rendered":"Ex alcalde de Alvarado acusa a nuevo sub secretario de SSP de amenazas"},"content":{"rendered":"\n<p><strong>Alejandro \u00c1vila<\/strong><\/p>\n\n\n\n<p>Alvarado, Ver.- Este jueves por la noche, el capit\u00e1n, Rafael \u00c1ngel Gonz\u00e1lez Uscanga, asumi\u00f3 el cargo de subsecretario de operaciones de la Secretar\u00eda de Seguridad P\u00fablica (SSP) de Veracruz, cargo otorgado por el gobernador, Cuitl\u00e1huac Garc\u00eda Jim\u00e9nez, tras la renuncia del ex titular, Hugo Guti\u00e9rrez Maldonado.<\/p>\n\n\n\n<p>Apenas unas horas antes, es decir el jueves por la ma\u00f1ana, el ex alcalde de Alvarado, Bogar Ruiz Rosas, denunci\u00f3 en sus redes sociales presuntas amenazas por parte del tambi\u00e9n director de la Fuerza Civil de Veracruz.<\/p>\n\n\n\n<p>El ex presidente municipal dijo que, el pasado 8 de octubre acudi\u00f3 a una fiesta invitado precisamente por Rafael \u00c1ngel Gonz\u00e1lez Uscanga, conocido en la cabecera municipal c\u00f3mo &#8220;Fall\u00f3 Pital\u00faa&#8221;; desde su llegada dijo haber sido agredido verbalmente por m\u00e1s de dos invitados, entre los que se encontraba el hermano del Mando Policial, situaci\u00f3n que lo llev\u00f3 a retirarse de la finca del Capitan, no sin antes defenderse de un intento de agresi\u00f3n f\u00edsica.<\/p>\n\n\n\n<p>D\u00edas despu\u00e9s, dijo Bogar Ruiz, tras una discusi\u00f3n por un veh\u00edculo propiedad de un amigo suyo, recibi\u00f3 amenazas por parte del llamado &#8220;Fallo Pital\u00faa&#8221;; el ex alcalde dijo tener audios y videos que prueban las amenazas recibidas, por lo cual asegur\u00f3 tomara acciones legales para defender la integridad f\u00edsica de \u00e9l y su familia.<\/p>\n\n\n\n<p>Rafael \u00c1ngel Gonz\u00e1lez Uscanga &#8220;Fallo Pital\u00faa&#8221;, director en Veracruz de la Fuerza Civil y recientemente nombrado subsecretario de Operaciones, es a partir de este viernes 21 de octubre, el segundo al mando de la Secretar\u00eda de Seguridad P\u00fablica de Veracruz, misma que ha quedado en manos de Cuauht\u00e9moc Z\u00fa\u00f1iga Bonilla, como encargado de despacho.<\/p>\n","protected":false},"excerpt":{"rendered":"<p>Alejandro \u00c1vila Alvarado, Ver.- Este jueves por la noche, el capit\u00e1n, Rafael \u00c1ngel Gonz\u00e1lez Uscanga, asumi\u00f3 el cargo de subsecretario de operaciones de la Secretar\u00eda de Seguridad P\u00fablica (SSP) de Veracruz, cargo otorgado por el gobernador, Cuitl\u00e1huac Garc\u00eda Jim\u00e9nez, tras la renuncia del ex titular, Hugo Guti\u00e9rrez Maldonado. Apenas unas horas antes, es decir el [&hellip;]<\/p>\n","protected":false},"author":1,"featured_media":32935,"comment_status":"open","ping_status":"open","sticky":false,"template":"","format":"standard","meta":{"_jetpack_memberships_contains_paid_content":false,"footnotes":""},"categories":[2],"tags":[],"class_list":["post-32934","post","type-post","status-publish","format-standard","has-post-thumbnail","hentry","category-estado"],"jetpack_featured_media_url":"https:\/\/encuentroinformativo.com.mx\/wp-content\/uploads\/2022\/10\/BD96C8BE-A1E9-40C0-B1E6-E2B8DDDAF4BA.jpeg","jetpack_sharing_enabled":true,"jetpack_likes_enabled":true,"amp_enabled":true,"_links":{"self":[{"href":"https:\/\/encuentroinformativo.com.mx\/index.php?rest_route=\/wp\/v2\/posts\/32934","targetHints":{"allow":["GET"]}}],"collection":[{"href":"https:\/\/encuentroinformativo.com.mx\/index.php?rest_route=\/wp\/v2\/posts"}],"about":[{"href":"https:\/\/encuentroinformativo.com.mx\/index.php?rest_route=\/wp\/v2\/types\/post"}],"author":[{"embeddable":true,"href":"https:\/\/encuentroinformativo.com.mx\/index.php?rest_route=\/wp\/v2\/users\/1"}],"replies":[{"embeddable":true,"href":"https:\/\/encuentroinformativo.com.mx\/index.php?rest_route=%2Fwp%2Fv2%2Fcomments&post=32934"}],"version-history":[{"count":1,"href":"https:\/\/encuentroinformativo.com.mx\/index.php?rest_route=\/wp\/v2\/posts\/32934\/revisions"}],"predecessor-version":[{"id":32936,"href":"https:\/\/encuentroinformativo.com.mx\/index.php?rest_route=\/wp\/v2\/posts\/32934\/revisions\/32936"}],"wp:featuredmedia":[{"embeddable":true,"href":"https:\/\/encuentroinformativo.com.mx\/index.php?rest_route=\/wp\/v2\/media\/32935"}],"wp:attachment":[{"href":"https:\/\/encuentroinformativo.com.mx\/index.php?rest_route=%2Fwp%2Fv2%2Fmedia&parent=32934"}],"wp:term":[{"taxonomy":"category","embeddable":true,"href":"https:\/\/encuentroinformativo.com.mx\/index.php?rest_route=%2Fwp%2Fv2%2Fcategories&post=32934"},{"taxonomy":"post_tag","embeddable":true,"href":"https:\/\/encuentroinformativo.com.mx\/index.php?rest_route=%2Fwp%2Fv2%2Ftags&post=32934"}],"curies":[{"name":"wp","href":"https:\/\/api.w.org\/{rel}","templated":true}]}}