{"id":3294,"date":"2020-06-12T15:18:43","date_gmt":"2020-06-12T20:18:43","guid":{"rendered":"https:\/\/encuentroinformativo.com\/?p=3294"},"modified":"2020-06-12T15:19:13","modified_gmt":"2020-06-12T20:19:13","slug":"carece-veracruz-de-escuelas-para-instruir-en-lenguaje-de-senas","status":"publish","type":"post","link":"https:\/\/encuentroinformativo.com.mx\/?p=3294","title":{"rendered":"Carece Veracruz de escuelas para instruir en lenguaje de se\u00f1as"},"content":{"rendered":"\n<p><strong>Juan Arcos <\/strong><\/p>\n\n\n\n<p>Xalapa, Ver.- El estado de Veracruz carece de escuelas para la ense\u00f1anza del lenguaje de se\u00f1as.<\/p>\n\n\n\n<p>Roberto Aguilar Aguilar, especialista en lenguaje de se\u00f1as, indic\u00f3 que hasta el momento solo hay dos o tres asociaciones civiles que se encargan de ense\u00f1ar dicho lenguaje.<\/p>\n\n\n\n<p>\u201cHay asociaciones y s\u00ed est\u00e1n ayudando, parece que s\u00ed est\u00e1n apoyando al sector\u201d.<\/p>\n\n\n\n<p>Sin embargo, consider\u00f3 que ha crecido la comunidad sorda y, por ende, se requieren espacios, para que ni\u00f1as y ni\u00f1os aprendan a comunicarse, mediante se\u00f1as.<\/p>\n\n\n\n<p>\u201cUna problem\u00e1tica que tenemos es que muchas veces los pap\u00e1s no tienen el alcance, en lugar, el medio, para que sus hijos aprendan lenguaje de se\u00f1as, en eso estamos carentes con alguna escuela para que el peque\u00f1o vaya aprendiendo su idioma\u201d.<\/p>\n\n\n\n<p>El int\u00e9rprete, quien ejerce y ense\u00f1a el lenguaje de se\u00f1as desde hace a\u00f1os, record\u00f3 que en Xalapa solo hay cinco int\u00e9rpretes y, de ellos, solo dos o tres son reconocidos como tal.<\/p>\n\n\n\n<p>Adem\u00e1s, en la ciudad capital hay m\u00e1s de 300 personas con discapacidad auditiva.<\/p>\n\n\n\n<p>Roberto Aguilar mencion\u00f3 que por esta raz\u00f3n se requieren espacios donde la comunidad sorda pueda aprender su lenguaje.<\/p>\n\n\n\n<p><\/p>\n","protected":false},"excerpt":{"rendered":"<p>Juan Arcos Xalapa, Ver.- El estado de Veracruz carece de escuelas para la ense\u00f1anza del lenguaje de se\u00f1as. Roberto Aguilar Aguilar, especialista en lenguaje de se\u00f1as, indic\u00f3 que hasta el momento solo hay dos o tres asociaciones civiles que se encargan de ense\u00f1ar dicho lenguaje. \u201cHay asociaciones y s\u00ed est\u00e1n ayudando, parece que s\u00ed est\u00e1n [&hellip;]<\/p>\n","protected":false},"author":1,"featured_media":3239,"comment_status":"open","ping_status":"open","sticky":false,"template":"","format":"standard","meta":{"_jetpack_memberships_contains_paid_content":false,"footnotes":""},"categories":[2],"tags":[],"class_list":["post-3294","post","type-post","status-publish","format-standard","has-post-thumbnail","hentry","category-estado"],"jetpack_featured_media_url":"https:\/\/encuentroinformativo.com.mx\/wp-content\/uploads\/2020\/06\/7BBB9684-80C9-4C4C-B540-E81D5E57EE43.jpeg","jetpack_sharing_enabled":true,"jetpack_likes_enabled":true,"amp_enabled":true,"_links":{"self":[{"href":"https:\/\/encuentroinformativo.com.mx\/index.php?rest_route=\/wp\/v2\/posts\/3294","targetHints":{"allow":["GET"]}}],"collection":[{"href":"https:\/\/encuentroinformativo.com.mx\/index.php?rest_route=\/wp\/v2\/posts"}],"about":[{"href":"https:\/\/encuentroinformativo.com.mx\/index.php?rest_route=\/wp\/v2\/types\/post"}],"author":[{"embeddable":true,"href":"https:\/\/encuentroinformativo.com.mx\/index.php?rest_route=\/wp\/v2\/users\/1"}],"replies":[{"embeddable":true,"href":"https:\/\/encuentroinformativo.com.mx\/index.php?rest_route=%2Fwp%2Fv2%2Fcomments&post=3294"}],"version-history":[{"count":1,"href":"https:\/\/encuentroinformativo.com.mx\/index.php?rest_route=\/wp\/v2\/posts\/3294\/revisions"}],"predecessor-version":[{"id":3295,"href":"https:\/\/encuentroinformativo.com.mx\/index.php?rest_route=\/wp\/v2\/posts\/3294\/revisions\/3295"}],"wp:featuredmedia":[{"embeddable":true,"href":"https:\/\/encuentroinformativo.com.mx\/index.php?rest_route=\/wp\/v2\/media\/3239"}],"wp:attachment":[{"href":"https:\/\/encuentroinformativo.com.mx\/index.php?rest_route=%2Fwp%2Fv2%2Fmedia&parent=3294"}],"wp:term":[{"taxonomy":"category","embeddable":true,"href":"https:\/\/encuentroinformativo.com.mx\/index.php?rest_route=%2Fwp%2Fv2%2Fcategories&post=3294"},{"taxonomy":"post_tag","embeddable":true,"href":"https:\/\/encuentroinformativo.com.mx\/index.php?rest_route=%2Fwp%2Fv2%2Ftags&post=3294"}],"curies":[{"name":"wp","href":"https:\/\/api.w.org\/{rel}","templated":true}]}}