{"id":32941,"date":"2022-10-21T13:38:59","date_gmt":"2022-10-21T18:38:59","guid":{"rendered":"https:\/\/encuentroinformativo.com.mx\/?p=32941"},"modified":"2022-10-21T13:39:03","modified_gmt":"2022-10-21T18:39:03","slug":"realiza-sedena-expo-feria-en-macroplaza-del-malecon-de-veracruz","status":"publish","type":"post","link":"https:\/\/encuentroinformativo.com.mx\/?p=32941","title":{"rendered":"Realiza SEDENA &#8220;Expo Feria&#8221; en Macroplaza del Malec\u00f3n de Veracruz"},"content":{"rendered":"\n<p><strong>Alejandro \u00c1vila<\/strong><\/p>\n\n\n\n<p>Veracruz, Ver.- La Secretar\u00eda de la Defensa Nacional (SEDENA), realiz\u00f3 una Expo Feria en la Macroplaza del Malec\u00f3n del Puerto de Veracruz, denominada &#8220;Siempre por ti, siempre por M\u00e9xico&#8221;, d\u00f3nde se invita a los ciudadanos conozcan las actividades que realizan los militares.<\/p>\n\n\n\n<p>El Capit\u00e1n segundo de Infanter\u00eda del 83 Batall\u00f3n de lnfanter\u00eda, Diego V\u00e1zquez Agrero, destac\u00f3 que una de las operaciones que la ciudadan\u00eda puede conocer es el Plan DNIII, mismo que se implementa en caso de desastres naturales.<\/p>\n\n\n\n<p>En la exposici\u00f3n &#8220;Siempre por ti siempre por M\u00e9xico&#8221;, la poblaci\u00f3n civil podr\u00e1 conocer y subirse a veh\u00edculos militares, adem\u00e1s de resolver sus dudas en los m\u00f3dulos de informaci\u00f3n a planteles militares, el de m\u00e9dicos y equipamiento reclutamiento.<\/p>\n\n\n\n<p>&#8220;Ayuda mucho a que la juventud tenga un acercamiento m\u00e1s allegado a la instituci\u00f3n, hay mucho inter\u00e9s por el personal&#8221;.<\/p>\n\n\n\n<p>Veracruz puerto es el primer sitio donde se realiza est\u00e1 exposici\u00f3n, y se asegur\u00f3 qu\u00e9 la misma ser\u00e1 itinerante para llegar a los 212 municipios.<\/p>\n","protected":false},"excerpt":{"rendered":"<p>Alejandro \u00c1vila Veracruz, Ver.- La Secretar\u00eda de la Defensa Nacional (SEDENA), realiz\u00f3 una Expo Feria en la Macroplaza del Malec\u00f3n del Puerto de Veracruz, denominada &#8220;Siempre por ti, siempre por M\u00e9xico&#8221;, d\u00f3nde se invita a los ciudadanos conozcan las actividades que realizan los militares. El Capit\u00e1n segundo de Infanter\u00eda del 83 Batall\u00f3n de lnfanter\u00eda, Diego [&hellip;]<\/p>\n","protected":false},"author":1,"featured_media":32942,"comment_status":"open","ping_status":"open","sticky":false,"template":"","format":"standard","meta":{"_jetpack_memberships_contains_paid_content":false,"footnotes":""},"categories":[2],"tags":[],"class_list":["post-32941","post","type-post","status-publish","format-standard","has-post-thumbnail","hentry","category-estado"],"jetpack_featured_media_url":"https:\/\/encuentroinformativo.com.mx\/wp-content\/uploads\/2022\/10\/D77CB6EF-D9E0-415A-9484-F14D1FF0EA4A.jpeg","jetpack_sharing_enabled":true,"jetpack_likes_enabled":true,"amp_enabled":true,"_links":{"self":[{"href":"https:\/\/encuentroinformativo.com.mx\/index.php?rest_route=\/wp\/v2\/posts\/32941","targetHints":{"allow":["GET"]}}],"collection":[{"href":"https:\/\/encuentroinformativo.com.mx\/index.php?rest_route=\/wp\/v2\/posts"}],"about":[{"href":"https:\/\/encuentroinformativo.com.mx\/index.php?rest_route=\/wp\/v2\/types\/post"}],"author":[{"embeddable":true,"href":"https:\/\/encuentroinformativo.com.mx\/index.php?rest_route=\/wp\/v2\/users\/1"}],"replies":[{"embeddable":true,"href":"https:\/\/encuentroinformativo.com.mx\/index.php?rest_route=%2Fwp%2Fv2%2Fcomments&post=32941"}],"version-history":[{"count":1,"href":"https:\/\/encuentroinformativo.com.mx\/index.php?rest_route=\/wp\/v2\/posts\/32941\/revisions"}],"predecessor-version":[{"id":32943,"href":"https:\/\/encuentroinformativo.com.mx\/index.php?rest_route=\/wp\/v2\/posts\/32941\/revisions\/32943"}],"wp:featuredmedia":[{"embeddable":true,"href":"https:\/\/encuentroinformativo.com.mx\/index.php?rest_route=\/wp\/v2\/media\/32942"}],"wp:attachment":[{"href":"https:\/\/encuentroinformativo.com.mx\/index.php?rest_route=%2Fwp%2Fv2%2Fmedia&parent=32941"}],"wp:term":[{"taxonomy":"category","embeddable":true,"href":"https:\/\/encuentroinformativo.com.mx\/index.php?rest_route=%2Fwp%2Fv2%2Fcategories&post=32941"},{"taxonomy":"post_tag","embeddable":true,"href":"https:\/\/encuentroinformativo.com.mx\/index.php?rest_route=%2Fwp%2Fv2%2Ftags&post=32941"}],"curies":[{"name":"wp","href":"https:\/\/api.w.org\/{rel}","templated":true}]}}