{"id":32944,"date":"2022-10-21T14:00:46","date_gmt":"2022-10-21T19:00:46","guid":{"rendered":"https:\/\/encuentroinformativo.com.mx\/?p=32944"},"modified":"2022-10-21T14:00:49","modified_gmt":"2022-10-21T19:00:49","slug":"denuncian-desaparicion-de-enfermera-en-xalapa","status":"publish","type":"post","link":"https:\/\/encuentroinformativo.com.mx\/?p=32944","title":{"rendered":"Denuncian desaparici\u00f3n de enfermera en Xalapa"},"content":{"rendered":"\n<p><strong>Juan Arcos<\/strong><\/p>\n\n\n\n<p>Xalapa, Ver.- La enfermera Itzel Vald\u00e9s P\u00e9rez desapareci\u00f3 en la ciudad de Xalapa desde la ma\u00f1ana del jueves 20 de octubre, denunciaron sus compa\u00f1eras de trabajo, quienes protestaron frente a Palacio de Gobierno para exigir su aparici\u00f3n con vida.<\/p>\n\n\n\n<p>La mujer xalape\u00f1a, de 32 a\u00f1os, labora desde hace m\u00e1s de diez a\u00f1os en la cl\u00ednica n\u00famero 11 del Instituto Mexicano del Seguro Social (IMSS), de esta ciudad de Xalapa, ubicada sobre la calle Nicol\u00e1s Bravo, en la zona centro de la capital del estado.<\/p>\n\n\n\n<p>Sin embargo, la ma\u00f1ana de ayer, cuando sali\u00f3 de guardia, sus familiares perdieron toda comunicaci\u00f3n con ella y su tel\u00e9fono celular fue apagado.<\/p>\n\n\n\n<p>Por este motivo, un grupo de enfermeras se manifest\u00f3 sobre la escalinata de la Catedral de Xalapa para solicitar a la Fiscal\u00eda General del Estado (FGE) que agilice la b\u00fasqueda.<\/p>\n\n\n\n<p>Las enfermeras Susana Ronz\u00f3n, Jaqueline L\u00f3pez y Jessica Jim\u00e9nez indicaron que han m\u00e1s pasado m\u00e1s de 24 horas y hasta el momento no hay una respuesta por parte de las autoridades.<\/p>\n\n\n\n<p>\u201cSali\u00f3 de guardia y desapareci\u00f3. Su esposo ya no la localiz\u00f3 y ya no sabemos nada de ella. Sali\u00f3 a las 08:10 de la ma\u00f1ana de ayer (jueves 20 de octubre). No nos tienen respuesta, ya son m\u00e1s de 24 horas, en estos momentos el tiempo es valioso\u201d, expresaron.<\/p>\n\n\n\n<p>Itzel Vald\u00e9s tiene su domicilio en la colonia Revoluci\u00f3n, una zona alejada al centro hist\u00f3rico de la capital veracruzana.<\/p>\n\n\n\n<p>Adem\u00e1s, sus dos hijas, una de seis y otra de dos a\u00f1os, la esperan en casa.\u00a0<br>Sus amigas exigieron al al gobernador Cuitl\u00e1huac Garc\u00eda Jim\u00e9nez que intervenga para su pronta localizaci\u00f3n.<\/p>\n","protected":false},"excerpt":{"rendered":"<p>Juan Arcos Xalapa, Ver.- La enfermera Itzel Vald\u00e9s P\u00e9rez desapareci\u00f3 en la ciudad de Xalapa desde la ma\u00f1ana del jueves 20 de octubre, denunciaron sus compa\u00f1eras de trabajo, quienes protestaron frente a Palacio de Gobierno para exigir su aparici\u00f3n con vida. La mujer xalape\u00f1a, de 32 a\u00f1os, labora desde hace m\u00e1s de diez a\u00f1os en [&hellip;]<\/p>\n","protected":false},"author":1,"featured_media":32945,"comment_status":"open","ping_status":"open","sticky":false,"template":"","format":"standard","meta":{"_jetpack_memberships_contains_paid_content":false,"footnotes":""},"categories":[3],"tags":[],"class_list":["post-32944","post","type-post","status-publish","format-standard","has-post-thumbnail","hentry","category-xalapa"],"jetpack_featured_media_url":"https:\/\/encuentroinformativo.com.mx\/wp-content\/uploads\/2022\/10\/6A10E556-1DC6-49C6-8093-BFAEF780EF95.jpeg","jetpack_sharing_enabled":true,"jetpack_likes_enabled":true,"amp_enabled":true,"_links":{"self":[{"href":"https:\/\/encuentroinformativo.com.mx\/index.php?rest_route=\/wp\/v2\/posts\/32944","targetHints":{"allow":["GET"]}}],"collection":[{"href":"https:\/\/encuentroinformativo.com.mx\/index.php?rest_route=\/wp\/v2\/posts"}],"about":[{"href":"https:\/\/encuentroinformativo.com.mx\/index.php?rest_route=\/wp\/v2\/types\/post"}],"author":[{"embeddable":true,"href":"https:\/\/encuentroinformativo.com.mx\/index.php?rest_route=\/wp\/v2\/users\/1"}],"replies":[{"embeddable":true,"href":"https:\/\/encuentroinformativo.com.mx\/index.php?rest_route=%2Fwp%2Fv2%2Fcomments&post=32944"}],"version-history":[{"count":1,"href":"https:\/\/encuentroinformativo.com.mx\/index.php?rest_route=\/wp\/v2\/posts\/32944\/revisions"}],"predecessor-version":[{"id":32946,"href":"https:\/\/encuentroinformativo.com.mx\/index.php?rest_route=\/wp\/v2\/posts\/32944\/revisions\/32946"}],"wp:featuredmedia":[{"embeddable":true,"href":"https:\/\/encuentroinformativo.com.mx\/index.php?rest_route=\/wp\/v2\/media\/32945"}],"wp:attachment":[{"href":"https:\/\/encuentroinformativo.com.mx\/index.php?rest_route=%2Fwp%2Fv2%2Fmedia&parent=32944"}],"wp:term":[{"taxonomy":"category","embeddable":true,"href":"https:\/\/encuentroinformativo.com.mx\/index.php?rest_route=%2Fwp%2Fv2%2Fcategories&post=32944"},{"taxonomy":"post_tag","embeddable":true,"href":"https:\/\/encuentroinformativo.com.mx\/index.php?rest_route=%2Fwp%2Fv2%2Ftags&post=32944"}],"curies":[{"name":"wp","href":"https:\/\/api.w.org\/{rel}","templated":true}]}}