{"id":32950,"date":"2022-10-21T15:14:15","date_gmt":"2022-10-21T20:14:15","guid":{"rendered":"https:\/\/encuentroinformativo.com.mx\/?p=32950"},"modified":"2022-10-21T15:14:19","modified_gmt":"2022-10-21T20:14:19","slug":"defiende-gobernador-trabajo-de-hugo-gutierrez","status":"publish","type":"post","link":"https:\/\/encuentroinformativo.com.mx\/?p=32950","title":{"rendered":"Defiende Gobernador trabajo de Hugo Guti\u00e9rrez"},"content":{"rendered":"\n<p><strong>Dar\u00edo Pale <\/strong><\/p>\n\n\n\n<p>Xalapa, Ver.- La renuncia del ex secretario de Seguridad P\u00fablica Hugo Guti\u00e9rrez Maldonado no tiene nada que ver con la desaparici\u00f3n del El Archi y los cuatro elementos que pertenec\u00edan a la SSP que fueron detenidos, as\u00ed lo inform\u00f3 el gobernador del estado Cuitl\u00e1huac Garc\u00eda Jim\u00e9nez.<\/p>\n\n\n\n<p>En conferencia de prensa neg\u00f3 que la renuncia del exsecretario de Seguridad P\u00fablica, este relacionada con la investigaci\u00f3n de cuatro elementos de la dependencia involucrados en la desaparici\u00f3n del director de la Polic\u00eda Vial, Juan Alan Cuetero Meza, alias &#8220;El Archy&#8221;.<\/p>\n\n\n\n<p>&#8220;No, no tiene nada que ver la renuncia con estos hechos que la Fiscal\u00eda est\u00e1 investigaci\u00f3n. Al contrario, Hugo siempre manifest\u00f3 la disponibilidad a la Fiscal\u00eda de que realice las investigaciones pertinentes&#8221;, se\u00f1al\u00f3.<\/p>\n\n\n\n<p>Dio a conocer que le dar\u00eda su confianza al encargado del despacho, Cuauht\u00e9moc Z\u00fa\u00f1iga Bonilla, para que sugiera algunos cambios.<\/p>\n\n\n\n<p>&#8220;Vamos ver, tiene nuestra confianza desde luego. No va a haber grandes cambios, solo los necesarios. \u00c9l sale de subsecretario, se va de encargado a la Secretar\u00eda y deja la subsecretar\u00eda y obviamente tiene que dejar a alguien&#8221;, coment\u00f3.<\/p>\n\n\n\n<p>Es decir, por eso se tom\u00f3 la decisi\u00f3n de nombrar en su lugar en la subsecretar\u00eda de Operaciones a Rafael \u00c1ngel Gonz\u00e1lez Uscanga.<\/p>\n\n\n\n<p>Por lo tanto, se tendr\u00e1 que nombrar a alguien en la Fuerza Civil, por lo que se har\u00e1n otros enroques de manera natural.<\/p>\n\n\n\n<p>El Ejecutivo destac\u00f3 que el exservidor elev\u00f3 el n\u00famero de elementos de la corporaci\u00f3n al doble de lo que recibieron la dependencia.<\/p>\n\n\n\n<p>Detall\u00f3 que en diciembre se har\u00e1 la \u00faltima contrataci\u00f3n del a\u00f1o, por lo tanto, sumar\u00edan casi siete mil elementos de las fuerzas estatales.<\/p>\n\n\n\n<p>Finalmente dio a conocer que, &#8220;el 31 de diciembre tendremos 7 mil 224 elementos. M\u00e1s del doble, aqu\u00ed est\u00e1n los dos mil 918 que nos dejaron&#8221;.<\/p>\n","protected":false},"excerpt":{"rendered":"<p>Dar\u00edo Pale Xalapa, Ver.- La renuncia del ex secretario de Seguridad P\u00fablica Hugo Guti\u00e9rrez Maldonado no tiene nada que ver con la desaparici\u00f3n del El Archi y los cuatro elementos que pertenec\u00edan a la SSP que fueron detenidos, as\u00ed lo inform\u00f3 el gobernador del estado Cuitl\u00e1huac Garc\u00eda Jim\u00e9nez. En conferencia de prensa neg\u00f3 que la [&hellip;]<\/p>\n","protected":false},"author":1,"featured_media":32951,"comment_status":"open","ping_status":"open","sticky":false,"template":"","format":"standard","meta":{"_jetpack_memberships_contains_paid_content":false,"footnotes":""},"categories":[2],"tags":[],"class_list":["post-32950","post","type-post","status-publish","format-standard","has-post-thumbnail","hentry","category-estado"],"jetpack_featured_media_url":"https:\/\/encuentroinformativo.com.mx\/wp-content\/uploads\/2022\/10\/14D5A93F-88B3-4BA1-8364-DD39A54317F1.jpeg","jetpack_sharing_enabled":true,"jetpack_likes_enabled":true,"amp_enabled":true,"_links":{"self":[{"href":"https:\/\/encuentroinformativo.com.mx\/index.php?rest_route=\/wp\/v2\/posts\/32950","targetHints":{"allow":["GET"]}}],"collection":[{"href":"https:\/\/encuentroinformativo.com.mx\/index.php?rest_route=\/wp\/v2\/posts"}],"about":[{"href":"https:\/\/encuentroinformativo.com.mx\/index.php?rest_route=\/wp\/v2\/types\/post"}],"author":[{"embeddable":true,"href":"https:\/\/encuentroinformativo.com.mx\/index.php?rest_route=\/wp\/v2\/users\/1"}],"replies":[{"embeddable":true,"href":"https:\/\/encuentroinformativo.com.mx\/index.php?rest_route=%2Fwp%2Fv2%2Fcomments&post=32950"}],"version-history":[{"count":1,"href":"https:\/\/encuentroinformativo.com.mx\/index.php?rest_route=\/wp\/v2\/posts\/32950\/revisions"}],"predecessor-version":[{"id":32952,"href":"https:\/\/encuentroinformativo.com.mx\/index.php?rest_route=\/wp\/v2\/posts\/32950\/revisions\/32952"}],"wp:featuredmedia":[{"embeddable":true,"href":"https:\/\/encuentroinformativo.com.mx\/index.php?rest_route=\/wp\/v2\/media\/32951"}],"wp:attachment":[{"href":"https:\/\/encuentroinformativo.com.mx\/index.php?rest_route=%2Fwp%2Fv2%2Fmedia&parent=32950"}],"wp:term":[{"taxonomy":"category","embeddable":true,"href":"https:\/\/encuentroinformativo.com.mx\/index.php?rest_route=%2Fwp%2Fv2%2Fcategories&post=32950"},{"taxonomy":"post_tag","embeddable":true,"href":"https:\/\/encuentroinformativo.com.mx\/index.php?rest_route=%2Fwp%2Fv2%2Ftags&post=32950"}],"curies":[{"name":"wp","href":"https:\/\/api.w.org\/{rel}","templated":true}]}}