{"id":32959,"date":"2022-10-22T13:55:38","date_gmt":"2022-10-22T18:55:38","guid":{"rendered":"https:\/\/encuentroinformativo.com.mx\/?p=32959"},"modified":"2022-10-22T13:55:42","modified_gmt":"2022-10-22T18:55:42","slug":"por-que-renuncia-hugo-gutierrez","status":"publish","type":"post","link":"https:\/\/encuentroinformativo.com.mx\/?p=32959","title":{"rendered":"\u00bfPOR QU\u00c9 RENUNCIA HUGO GUTI\u00c9RREZ?"},"content":{"rendered":"\n<p><strong>N\u00fameros Rojos\u00a0<\/strong><\/p>\n\n\n\n<p><strong>Brenda Caballero<\/strong><\/p>\n\n\n\n<p>Muchas preguntas rondan sobre la salida de Hugo Guti\u00e9rrez Maldonado, hoy ex Secretario de Seguridad P\u00fablica en Veracruz, quien a 41 d\u00edas de cumplir cuatro a\u00f1os en el cargo, renuncia \u201cpor motivos personales\u201d. Al menos no fue destituido de su encargo como le pas\u00f3 en 2016, cuando fue Director del Centro de Operaciones Estrat\u00e9gicas (CEO) all\u00e1 en Nuevo Le\u00f3n.<\/p>\n\n\n\n<p>Con todos los dimes y diretes, filtraciones del Grupo Guacamaya y hasta acusaciones de los mismos empleados de Seguridad P\u00fablica, Hugo Guti\u00e9rrez se despidi\u00f3 de la poblaci\u00f3n veracruzana con una carta en sus redes sociales. \u00a1Ni siquiera estuvo en la designaci\u00f3n de su suplente para desearle buena suerte!<\/p>\n\n\n\n<p>Pero \u00bfc\u00f3mo puede irse el hombre que nos posiciona en el lugar 10 a nivel nacional de los Estados m\u00e1s seguros? \u00bfO acaso es renunciado o invitado a irse? \u00a1Vaya que las razones personales de Guti\u00e9rrez Maldonado debieron ser demasiado poderosas para salir corriendo antes de la Primera Carrera Orgullo Policial que encabezar\u00eda este domingo en el estadio xalape\u00f1o donde estar\u00e1n m\u00e1s de mil doscientos participantes.<\/p>\n\n\n\n<p>Lo cierto es que coincido con los comentarios de que Hugo Guti\u00e9rrez ya hab\u00eda tardado mucho en el cargo, y no me refiero a su trabajo, porque a pesar de que el gobernador reconozca el buen desempe\u00f1o realizado por Hugo Guti\u00e9rrez en materia de seguridad, la consigna actual es que al frente de las instancias de la seguridad p\u00fablica est\u00e9 alguien del Ej\u00e9rcito Mexicano o la Marina.<\/p>\n\n\n\n<p>El ejemplo m\u00e1s claro lo vimos recientemente en septiembre. Mara Lezama Espinosa, del partido Morena, gana la gubernatura del estado de Quintana Roo y a escasos ocho d\u00edas de haber tomado protesta a Manelich Castilla Craviotto como Secretario de Seguridad P\u00fablica, \u00e9ste renuncia sin dar a conocer las razones que lo orillaron a ello. Manelich fue ex comisionado de la desaparecida Polic\u00eda Federal y a pesar de su amplia experiencia en temas de seguridad, fue sustituido por el Contralmirante Diplomado de Estado Mayor, Rub\u00e9n Oyarvide Pedrero.&nbsp;<\/p>\n\n\n\n<p>Situaci\u00f3n similar sucedi\u00f3 en Veracruz, donde Hugo Guti\u00e9rrez es sustituido por el Capit\u00e1n Cuauht\u00e9moc Z\u00fa\u00f1iga Bonilla, quien al parecer ya tiene el visto bueno porque el mismo gobernador pidi\u00f3 al Congreso se ratifique su propuesta y se le dispense el lugar de nacimiento.<\/p>\n\n\n\n<p>Si echamos un vistazo a los estados morenistas de Michoac\u00e1n, Sinaloa, Guerrero, Colima, Baja California Sur, San Luis Potos\u00ed, Tlaxcala, por mencionar algunos, todos tienen un factor en com\u00fan: al frente de la Seguridad P\u00fablica, est\u00e1 designado un marino o militar en coordinaci\u00f3n con Luis Cresencio Sandoval y Jos\u00e9 Rafael Ojeda Dur\u00e1n, titulares de las Secretar\u00edas de Defensa Nacional y Marina, respectivamente. \u00a1Claro! Con la venia del Presidente Andr\u00e9s Manuel L\u00f3pez Obrador, quien considera que los miembros de estas corporaciones son \u00edntegros y honestos.<\/p>\n\n\n\n<p>Entonces \u00bfPor qu\u00e9 renuncia Hugo Guti\u00e9rrez Maldonado?<\/p>\n\n\n\n<p>A pesar de que se diga que fue por los nexos con el c\u00e1rtel del Noreste, dados a conocer por los Hackers Guacamaya, o porque era jefe directo de sus mandos medios consignados hoy por desaparici\u00f3n forzada, o porque tuvo que ver el abogado baleado en la capital del Estado, a unos metros de las oficinas de Seguridad P\u00fablica, o tal vez el video del polic\u00eda refugiado en un hotel y que dio a conocer a trav\u00e9s de redes sociales que quer\u00edan desaparecerlo, o quiz\u00e1s por todas las anteriores. La renuncia solamente se da por la nueva forma de gobierno que tenemos actualmente: El Centralismo militarizado que viene directamente de Palacio Nacional.<\/p>\n\n\n\n<p>Twiter: @NumerosRojos_BC<\/p>\n\n\n\n<p><a href=\"mailto:caballero_brenda@hotmail.com\" target=\"_blank\" rel=\"noreferrer noopener\">caballero_brenda@hotmail.com<\/a><\/p>\n","protected":false},"excerpt":{"rendered":"<p>N\u00fameros Rojos\u00a0 Brenda Caballero Muchas preguntas rondan sobre la salida de Hugo Guti\u00e9rrez Maldonado, hoy ex Secretario de Seguridad P\u00fablica en Veracruz, quien a 41 d\u00edas de cumplir cuatro a\u00f1os en el cargo, renuncia \u201cpor motivos personales\u201d. Al menos no fue destituido de su encargo como le pas\u00f3 en 2016, cuando fue Director del Centro [&hellip;]<\/p>\n","protected":false},"author":1,"featured_media":387,"comment_status":"open","ping_status":"open","sticky":false,"template":"","format":"standard","meta":{"_jetpack_memberships_contains_paid_content":false,"footnotes":""},"categories":[11],"tags":[],"class_list":["post-32959","post","type-post","status-publish","format-standard","has-post-thumbnail","hentry","category-opinion"],"jetpack_featured_media_url":"https:\/\/encuentroinformativo.com.mx\/wp-content\/uploads\/2020\/03\/7CF8A22B-2764-47BE-8F7F-38FE9E5D6A2F.jpeg","jetpack_sharing_enabled":true,"jetpack_likes_enabled":true,"amp_enabled":true,"_links":{"self":[{"href":"https:\/\/encuentroinformativo.com.mx\/index.php?rest_route=\/wp\/v2\/posts\/32959","targetHints":{"allow":["GET"]}}],"collection":[{"href":"https:\/\/encuentroinformativo.com.mx\/index.php?rest_route=\/wp\/v2\/posts"}],"about":[{"href":"https:\/\/encuentroinformativo.com.mx\/index.php?rest_route=\/wp\/v2\/types\/post"}],"author":[{"embeddable":true,"href":"https:\/\/encuentroinformativo.com.mx\/index.php?rest_route=\/wp\/v2\/users\/1"}],"replies":[{"embeddable":true,"href":"https:\/\/encuentroinformativo.com.mx\/index.php?rest_route=%2Fwp%2Fv2%2Fcomments&post=32959"}],"version-history":[{"count":1,"href":"https:\/\/encuentroinformativo.com.mx\/index.php?rest_route=\/wp\/v2\/posts\/32959\/revisions"}],"predecessor-version":[{"id":32960,"href":"https:\/\/encuentroinformativo.com.mx\/index.php?rest_route=\/wp\/v2\/posts\/32959\/revisions\/32960"}],"wp:featuredmedia":[{"embeddable":true,"href":"https:\/\/encuentroinformativo.com.mx\/index.php?rest_route=\/wp\/v2\/media\/387"}],"wp:attachment":[{"href":"https:\/\/encuentroinformativo.com.mx\/index.php?rest_route=%2Fwp%2Fv2%2Fmedia&parent=32959"}],"wp:term":[{"taxonomy":"category","embeddable":true,"href":"https:\/\/encuentroinformativo.com.mx\/index.php?rest_route=%2Fwp%2Fv2%2Fcategories&post=32959"},{"taxonomy":"post_tag","embeddable":true,"href":"https:\/\/encuentroinformativo.com.mx\/index.php?rest_route=%2Fwp%2Fv2%2Ftags&post=32959"}],"curies":[{"name":"wp","href":"https:\/\/api.w.org\/{rel}","templated":true}]}}