{"id":3296,"date":"2020-06-12T15:25:38","date_gmt":"2020-06-12T20:25:38","guid":{"rendered":"https:\/\/encuentroinformativo.com\/?p=3296"},"modified":"2020-06-12T15:25:40","modified_gmt":"2020-06-12T20:25:40","slug":"por-contingencia-se-mantiene-suspendido-plan-de-movilidad-regidor","status":"publish","type":"post","link":"https:\/\/encuentroinformativo.com.mx\/?p=3296","title":{"rendered":"Por contingencia, se mantiene suspendido plan de movilidad: Regidor"},"content":{"rendered":"\n<p><strong>Dar\u00edo Pale <\/strong><\/p>\n\n\n\n<p>Xalapa, Ver.- El regidor  Rafael P\u00e9rez S\u00e1nchez dio a conocer que debido a la pandemia ocasionada por el Covid 19 se mantiene suspendido el plan de movilidad de la capital del estado en el cual se ten\u00eda previsto entre diversas acciones para este a\u00f1o la operaci\u00f3n de parqu\u00edmetros virtuales.<\/p>\n\n\n\n<p>En entrevista dijo que no se puede asegurar que este programa contin\u00fae ya que primero lo que se busca es garantizar la salud de la poblaci\u00f3n.<\/p>\n\n\n\n<p>Record\u00f3 que en el plan de movilidad se tiene contemplado el proyecto de la ciclov\u00eda, parqu\u00edmetros, zonas peatonales, \u201ces un proyecto ambicioso con el que se pretende generan mejores condiciones para el peat\u00f3n, la salud y el medio ambiente\u201d.<\/p>\n\n\n\n<p>A\u00f1adi\u00f3 que el ayuntamiento est\u00e1 muy preocupado porque la gente est\u00e9 en su casa, cuide las formas y sobre todo las indicaciones del sector salud.<\/p>\n\n\n\n<p> Y es que dijo se siguen observando a muchas personas en la v\u00eda p\u00fablica y todav\u00eda hay quien piensa que no existe el virus dej\u00e1ndose mal informar por lo que leen en redes sociales.<\/p>\n\n\n\n<p><\/p>\n","protected":false},"excerpt":{"rendered":"<p>Dar\u00edo Pale Xalapa, Ver.- El regidor Rafael P\u00e9rez S\u00e1nchez dio a conocer que debido a la pandemia ocasionada por el Covid 19 se mantiene suspendido el plan de movilidad de la capital del estado en el cual se ten\u00eda previsto entre diversas acciones para este a\u00f1o la operaci\u00f3n de parqu\u00edmetros virtuales. En entrevista dijo que [&hellip;]<\/p>\n","protected":false},"author":1,"featured_media":3297,"comment_status":"open","ping_status":"open","sticky":false,"template":"","format":"standard","meta":{"_jetpack_memberships_contains_paid_content":false,"footnotes":""},"categories":[3],"tags":[],"class_list":["post-3296","post","type-post","status-publish","format-standard","has-post-thumbnail","hentry","category-xalapa"],"jetpack_featured_media_url":"https:\/\/encuentroinformativo.com.mx\/wp-content\/uploads\/2020\/06\/670D0C14-873A-450D-BC49-9E6C6383E638.jpeg","jetpack_sharing_enabled":true,"jetpack_likes_enabled":true,"amp_enabled":true,"_links":{"self":[{"href":"https:\/\/encuentroinformativo.com.mx\/index.php?rest_route=\/wp\/v2\/posts\/3296","targetHints":{"allow":["GET"]}}],"collection":[{"href":"https:\/\/encuentroinformativo.com.mx\/index.php?rest_route=\/wp\/v2\/posts"}],"about":[{"href":"https:\/\/encuentroinformativo.com.mx\/index.php?rest_route=\/wp\/v2\/types\/post"}],"author":[{"embeddable":true,"href":"https:\/\/encuentroinformativo.com.mx\/index.php?rest_route=\/wp\/v2\/users\/1"}],"replies":[{"embeddable":true,"href":"https:\/\/encuentroinformativo.com.mx\/index.php?rest_route=%2Fwp%2Fv2%2Fcomments&post=3296"}],"version-history":[{"count":1,"href":"https:\/\/encuentroinformativo.com.mx\/index.php?rest_route=\/wp\/v2\/posts\/3296\/revisions"}],"predecessor-version":[{"id":3298,"href":"https:\/\/encuentroinformativo.com.mx\/index.php?rest_route=\/wp\/v2\/posts\/3296\/revisions\/3298"}],"wp:featuredmedia":[{"embeddable":true,"href":"https:\/\/encuentroinformativo.com.mx\/index.php?rest_route=\/wp\/v2\/media\/3297"}],"wp:attachment":[{"href":"https:\/\/encuentroinformativo.com.mx\/index.php?rest_route=%2Fwp%2Fv2%2Fmedia&parent=3296"}],"wp:term":[{"taxonomy":"category","embeddable":true,"href":"https:\/\/encuentroinformativo.com.mx\/index.php?rest_route=%2Fwp%2Fv2%2Fcategories&post=3296"},{"taxonomy":"post_tag","embeddable":true,"href":"https:\/\/encuentroinformativo.com.mx\/index.php?rest_route=%2Fwp%2Fv2%2Ftags&post=3296"}],"curies":[{"name":"wp","href":"https:\/\/api.w.org\/{rel}","templated":true}]}}