{"id":32961,"date":"2022-10-22T14:38:11","date_gmt":"2022-10-22T19:38:11","guid":{"rendered":"https:\/\/encuentroinformativo.com.mx\/?p=32961"},"modified":"2022-10-22T14:38:14","modified_gmt":"2022-10-22T19:38:14","slug":"localizan-con-vida-a-enfermera-desaparecida","status":"publish","type":"post","link":"https:\/\/encuentroinformativo.com.mx\/?p=32961","title":{"rendered":"Localizan con vida a enfermera desaparecida"},"content":{"rendered":"\n<p><strong>Dar\u00edo Pale <\/strong><\/p>\n\n\n\n<p>Xalapa, Ver.- Compa\u00f1eros y amigos de Itzel Vald\u00e9s suspendieron la marcha que estaba programada para este d\u00eda ya que les informaron que apareci\u00f3 con vida y ya est\u00e1 con su familia, por lo que agradecieron el apoyo.<\/p>\n\n\n\n<p>En la cl\u00ednica del IMSS colocaron una cartulina en un cristal de una ventana donde dieron a conocer que ya hab\u00eda parecido su compa\u00f1era con vida y que ya estaba con su familia.<\/p>\n\n\n\n<p>En dicha cartulina se lee el siguiente mensaje: &#8220;Compa\u00f1eros gracias a Dios apareci\u00f3 con bien la compa\u00f1era Itzel Vald\u00e9s, agradecemos su presencia y colaboraci\u00f3n, por el apoyo brindado y su disposici\u00f3n, la marcha programada para el d\u00eda de hoy 22 de octubre de 2022 queda cancelada gracias&#8221;, concluye el mensaje.<\/p>\n\n\n\n<p>Cabe recordar que apenas este viernes, sus amigos y compa\u00f1eros llevaron a cabo una protesta en la plaza Lerdo para exigir avances de la investigaci\u00f3n.<\/p>\n\n\n\n<p>Y es que indicaron que ella es una trabajadora muy responsable y que nunca falta a su casa o su empleo, por lo que se les hac\u00eda raro que no hubiera llegado a su casa luego de salir de su guardia el jueves a las 8:00 de la ma\u00f1ana.<\/p>\n\n\n\n<figure class=\"wp-block-image size-large\"><img loading=\"lazy\" decoding=\"async\" width=\"1024\" height=\"768\" src=\"https:\/\/encuentroinformativo.com.mx\/wp-content\/uploads\/2022\/10\/CCFB4915-189E-4D1D-ABEF-3F598F7BFA25-1024x768.jpeg\" alt=\"\" class=\"wp-image-32963\" srcset=\"https:\/\/encuentroinformativo.com.mx\/wp-content\/uploads\/2022\/10\/CCFB4915-189E-4D1D-ABEF-3F598F7BFA25-1024x768.jpeg 1024w, https:\/\/encuentroinformativo.com.mx\/wp-content\/uploads\/2022\/10\/CCFB4915-189E-4D1D-ABEF-3F598F7BFA25-300x225.jpeg 300w, https:\/\/encuentroinformativo.com.mx\/wp-content\/uploads\/2022\/10\/CCFB4915-189E-4D1D-ABEF-3F598F7BFA25-768x576.jpeg 768w, https:\/\/encuentroinformativo.com.mx\/wp-content\/uploads\/2022\/10\/CCFB4915-189E-4D1D-ABEF-3F598F7BFA25-1536x1152.jpeg 1536w, https:\/\/encuentroinformativo.com.mx\/wp-content\/uploads\/2022\/10\/CCFB4915-189E-4D1D-ABEF-3F598F7BFA25.jpeg 1600w\" sizes=\"auto, (max-width: 1024px) 100vw, 1024px\" \/><\/figure>\n","protected":false},"excerpt":{"rendered":"<p>Dar\u00edo Pale Xalapa, Ver.- Compa\u00f1eros y amigos de Itzel Vald\u00e9s suspendieron la marcha que estaba programada para este d\u00eda ya que les informaron que apareci\u00f3 con vida y ya est\u00e1 con su familia, por lo que agradecieron el apoyo. En la cl\u00ednica del IMSS colocaron una cartulina en un cristal de una ventana donde dieron [&hellip;]<\/p>\n","protected":false},"author":1,"featured_media":32962,"comment_status":"open","ping_status":"open","sticky":false,"template":"","format":"standard","meta":{"_jetpack_memberships_contains_paid_content":false,"footnotes":""},"categories":[3],"tags":[],"class_list":["post-32961","post","type-post","status-publish","format-standard","has-post-thumbnail","hentry","category-xalapa"],"jetpack_featured_media_url":"https:\/\/encuentroinformativo.com.mx\/wp-content\/uploads\/2022\/10\/75DC8D52-91DC-4FB8-8B8B-FAEFDD748772.jpeg","jetpack_sharing_enabled":true,"jetpack_likes_enabled":true,"amp_enabled":true,"_links":{"self":[{"href":"https:\/\/encuentroinformativo.com.mx\/index.php?rest_route=\/wp\/v2\/posts\/32961","targetHints":{"allow":["GET"]}}],"collection":[{"href":"https:\/\/encuentroinformativo.com.mx\/index.php?rest_route=\/wp\/v2\/posts"}],"about":[{"href":"https:\/\/encuentroinformativo.com.mx\/index.php?rest_route=\/wp\/v2\/types\/post"}],"author":[{"embeddable":true,"href":"https:\/\/encuentroinformativo.com.mx\/index.php?rest_route=\/wp\/v2\/users\/1"}],"replies":[{"embeddable":true,"href":"https:\/\/encuentroinformativo.com.mx\/index.php?rest_route=%2Fwp%2Fv2%2Fcomments&post=32961"}],"version-history":[{"count":1,"href":"https:\/\/encuentroinformativo.com.mx\/index.php?rest_route=\/wp\/v2\/posts\/32961\/revisions"}],"predecessor-version":[{"id":32964,"href":"https:\/\/encuentroinformativo.com.mx\/index.php?rest_route=\/wp\/v2\/posts\/32961\/revisions\/32964"}],"wp:featuredmedia":[{"embeddable":true,"href":"https:\/\/encuentroinformativo.com.mx\/index.php?rest_route=\/wp\/v2\/media\/32962"}],"wp:attachment":[{"href":"https:\/\/encuentroinformativo.com.mx\/index.php?rest_route=%2Fwp%2Fv2%2Fmedia&parent=32961"}],"wp:term":[{"taxonomy":"category","embeddable":true,"href":"https:\/\/encuentroinformativo.com.mx\/index.php?rest_route=%2Fwp%2Fv2%2Fcategories&post=32961"},{"taxonomy":"post_tag","embeddable":true,"href":"https:\/\/encuentroinformativo.com.mx\/index.php?rest_route=%2Fwp%2Fv2%2Ftags&post=32961"}],"curies":[{"name":"wp","href":"https:\/\/api.w.org\/{rel}","templated":true}]}}