{"id":32965,"date":"2022-10-22T14:45:10","date_gmt":"2022-10-22T19:45:10","guid":{"rendered":"https:\/\/encuentroinformativo.com.mx\/?p=32965"},"modified":"2022-10-22T14:45:14","modified_gmt":"2022-10-22T19:45:14","slug":"descalifican-academicos-nuevo-secretario-academico-de-la-uv","status":"publish","type":"post","link":"https:\/\/encuentroinformativo.com.mx\/?p=32965","title":{"rendered":"Descalifican acad\u00e9micos nuevo secretario acad\u00e9mico de la UV"},"content":{"rendered":"\n<p><strong>Dar\u00edo Pale <\/strong><\/p>\n\n\n\n<p>Xalapa, Ver.- La designaci\u00f3n del nuevo secretario acad\u00e9mico de la Universidad Veracruzana (UV), carece de toda validez oficial ya que se violento la ley org\u00e1nica y nunca hubo una renuncia oficial por lo que los acad\u00e9micos no tienen porque aceptar la nueva designaci\u00f3n.<\/p>\n\n\n\n<p>En entrevista el investigador y exaspirante a la rector\u00eda Jorge Manzo Denes, se\u00f1al\u00f3 que es un total &#8220;desacierto&#8221;, la designaci\u00f3n del nuevo secretario acad\u00e9mico, adem\u00e1s de que contraviene la Ley Org\u00e1nica de la UV, ya que, entre otros, viola el l\u00edmite de edad permitido para ocupar el cargo.<\/p>\n\n\n\n<p>Dio a conocer que fue a trav\u00e9s de los medios de comunicaci\u00f3n como se filtr\u00f3 la renuncia de Elena Rustri\u00e1n Portilla, pero ni la Rector\u00eda ni la Junta de Gobierno emitieton un comunicado oficial, &#8220;por lo que oficialmente no hay renuncia&#8221; y ahora habr\u00eda dos nombramientos para el mismo puesto.<\/p>\n\n\n\n<p>Se\u00f1al\u00f3 que en el comunicado sobre la designaci\u00f3n del nuevo secretario acad\u00e9mico, Juan Ortiz Escamilla, se hace referencia a varias fracciones y art\u00edculos de la la Ley de Autonom\u00eda y la Ley Org\u00e1nica, por ejemplo, el art\u00edculo 40 de la Ley Org\u00e1nica que dice, en una de sus fracciones, que el designado debe ser menor de 65 a\u00f1os de edad y el doctor Ort\u00edz Escamilla tiene 67.<\/p>\n\n\n\n<p>&#8220;\u00bfQu\u00e9 pas\u00f3 ah\u00ed? Esta designaci\u00f3n contradice al mismo comunicado de la Junta de Gobierno porque la designaci\u00f3n contraviene lo estipulado en nuestra Ley Org\u00e1nica&#8221;, expuso.<\/p>\n\n\n\n<p>Manzo Denes agreg\u00f3 que el art\u00edculo 4 de la Ley de Autonom\u00eda define que la designaci\u00f3n se hace a partir de una terna propuesta por el Rector, sin embargo, no se le comunic\u00f3 a la comunidad acad\u00e9mica de la renuncia de Rustri\u00e1n Portilla y tampoco se les comunic\u00f3 de la terna.<\/p>\n\n\n\n<p>&#8220;\u00bfPor qu\u00e9?, \u00bfqui\u00e9nes la integraron?, \u00bfpor qu\u00e9 la opacidad?&#8221;, cuestion\u00f3, de igual forma record\u00f3 que Ort\u00edz Escamilla fue designado director general de Investigaciones y ahora &#8220;salta&#8221; a la Secretar\u00eda Acad\u00e9mica, &#8220;\u00bfbajo qu\u00e9 m\u00e9ritos?&#8221;.<\/p>\n\n\n\n<p>Expres\u00f3 que como investigador le toc\u00f3 ver directamente el desempe\u00f1o del nuevo secretario acad\u00e9mico y sostuvo que en su investidura como director de Investigaciones fue de &#8220;bajos logros&#8221;.<\/p>\n\n\n\n<p>&#8220;Vaya, ni siquiera se present\u00f3 este a\u00f1o ante los investigadores como el nuevo director de Investigaciones, nunca supimos que ah\u00ed estaba. Solicito a la Junta de Gobierno que nos haga un informe de trabajo de este a\u00f1o del Dr. Ort\u00edz Escamilla al frente de la direcci\u00f3n general de Investigaciones, s\u00f3lo as\u00ed sabremos si de verdad ten\u00eda los m\u00e9ritos para estar en una terna (si es que la hubo) y si tiene competencias para un puesto tan crucial para la universidad como lo es la Secretar\u00eda Acad\u00e9mica&#8221;, acus\u00f3.<\/p>\n\n\n\n<p>Indic\u00f3 que si bien el nombramiento ya se hizo y no queda m\u00e1s que aceptarlo, no lo considera as\u00ed y cit\u00f3 como ejemplo las manifestaciones estudiantiles de los \u00faltimos d\u00edas que les han &#8220;ense\u00f1ado&#8221; que las cosas pueden cambiar.<\/p>\n\n\n\n<p>&#8220;Los estudiantes ya nos ense\u00f1aron y ya hicieron su parte, que aplaudo, ahora nos corresponde a los acad\u00e9micos&#8221;, advirti\u00f3.<br>Este viernes por la noche la Junta de Gobierno de la Universidad Veracruzana design\u00f3 al doctor Juan Ortiz Escamilla como secretario Acad\u00e9mico de la Casa de Estudios, tras la apresurada renuncia de Elena Rustri\u00e1n Portilla.<\/p>\n\n\n\n<p>Se\u00f1al\u00f3 que el acad\u00e9mico que ahora pasa a formar parte del equipo del rector Mart\u00edn Aguilar S\u00e1nchez, fue designado para el periodo del 21 de octubre de 2022 al 31 de agosto de 2025.<\/p>\n\n\n\n<p>El comunicado de la Universidad detall\u00f3 que Elena Rustri\u00e1n Portilla, estuvo en el cargo del 31 de agosto de 2021 al 21 de octubre de 2022.<\/p>\n\n\n\n<p>Fue en sesi\u00f3n plenaria extraordinaria como los integrantes de la Junta de Gobierno de la Universidad seleccionaron de una terna al nuevo funcionario.<\/p>\n\n\n\n<p>Finalmente cabe se\u00f1alar que el nuevo secretario acad\u00e9mico es doctor en Historia por El Colegio de M\u00e9xico e investigador de la UV desde 1997; ha sido director del Instituto de Investigaciones Hist\u00f3rico-Sociales y es miembro del Sistema Nacional de Investigadores, nivel III, adem\u00e1s de ser profesor con perfil PROMEP desde julio de 2003.<\/p>\n","protected":false},"excerpt":{"rendered":"<p>Dar\u00edo Pale Xalapa, Ver.- La designaci\u00f3n del nuevo secretario acad\u00e9mico de la Universidad Veracruzana (UV), carece de toda validez oficial ya que se violento la ley org\u00e1nica y nunca hubo una renuncia oficial por lo que los acad\u00e9micos no tienen porque aceptar la nueva designaci\u00f3n. En entrevista el investigador y exaspirante a la rector\u00eda Jorge [&hellip;]<\/p>\n","protected":false},"author":1,"featured_media":32966,"comment_status":"open","ping_status":"open","sticky":false,"template":"","format":"standard","meta":{"_jetpack_memberships_contains_paid_content":false,"footnotes":""},"categories":[2],"tags":[],"class_list":["post-32965","post","type-post","status-publish","format-standard","has-post-thumbnail","hentry","category-estado"],"jetpack_featured_media_url":"https:\/\/encuentroinformativo.com.mx\/wp-content\/uploads\/2022\/10\/58955500-9583-4855-9276-D45115A094B8.jpeg","jetpack_sharing_enabled":true,"jetpack_likes_enabled":true,"amp_enabled":true,"_links":{"self":[{"href":"https:\/\/encuentroinformativo.com.mx\/index.php?rest_route=\/wp\/v2\/posts\/32965","targetHints":{"allow":["GET"]}}],"collection":[{"href":"https:\/\/encuentroinformativo.com.mx\/index.php?rest_route=\/wp\/v2\/posts"}],"about":[{"href":"https:\/\/encuentroinformativo.com.mx\/index.php?rest_route=\/wp\/v2\/types\/post"}],"author":[{"embeddable":true,"href":"https:\/\/encuentroinformativo.com.mx\/index.php?rest_route=\/wp\/v2\/users\/1"}],"replies":[{"embeddable":true,"href":"https:\/\/encuentroinformativo.com.mx\/index.php?rest_route=%2Fwp%2Fv2%2Fcomments&post=32965"}],"version-history":[{"count":1,"href":"https:\/\/encuentroinformativo.com.mx\/index.php?rest_route=\/wp\/v2\/posts\/32965\/revisions"}],"predecessor-version":[{"id":32967,"href":"https:\/\/encuentroinformativo.com.mx\/index.php?rest_route=\/wp\/v2\/posts\/32965\/revisions\/32967"}],"wp:featuredmedia":[{"embeddable":true,"href":"https:\/\/encuentroinformativo.com.mx\/index.php?rest_route=\/wp\/v2\/media\/32966"}],"wp:attachment":[{"href":"https:\/\/encuentroinformativo.com.mx\/index.php?rest_route=%2Fwp%2Fv2%2Fmedia&parent=32965"}],"wp:term":[{"taxonomy":"category","embeddable":true,"href":"https:\/\/encuentroinformativo.com.mx\/index.php?rest_route=%2Fwp%2Fv2%2Fcategories&post=32965"},{"taxonomy":"post_tag","embeddable":true,"href":"https:\/\/encuentroinformativo.com.mx\/index.php?rest_route=%2Fwp%2Fv2%2Ftags&post=32965"}],"curies":[{"name":"wp","href":"https:\/\/api.w.org\/{rel}","templated":true}]}}