{"id":32972,"date":"2022-10-22T14:57:43","date_gmt":"2022-10-22T19:57:43","guid":{"rendered":"https:\/\/encuentroinformativo.com.mx\/?p=32972"},"modified":"2022-10-22T14:57:47","modified_gmt":"2022-10-22T19:57:47","slug":"crecera-numero-de-areas-naturales-protegidas-en-veracruz","status":"publish","type":"post","link":"https:\/\/encuentroinformativo.com.mx\/?p=32972","title":{"rendered":"Crecer\u00e1 n\u00famero de \u00e1reas naturales protegidas en Veracruz"},"content":{"rendered":"\n<p><strong>Dar\u00edo Pale<\/strong><\/p>\n\n\n\n<p>Xalapa, Ver.- El titular de la Secretar\u00eda de Medio Ambiente (SEDEMA), Juan Carlos Contreras Bautista dio a conocer que, San Pedro del Monte ser\u00e1 declarada \u00c1rea Natural Protegida (ANP) el pr\u00f3ximo jueves 27 de octubre.<\/p>\n\n\n\n<p>En entrevista inform\u00f3 que esta zona abarca una extensi\u00f3n de 457 hect\u00e1reas en los municipios de Perote, Las Vigas, Coatepec y Acajete, por lo que destac\u00f3 la importancia de dicha declaratoria, pues es de donde nace el r\u00edo Pixquiac que abastece de agua a Xalapa.<\/p>\n\n\n\n<p>\u201cEs un tema de gobernanza del agua. La declaratoria nos ayuda a proteger estas \u00e1reas para que siempre puedan ser una zona de captaci\u00f3n de humedad, ah\u00ed est\u00e1n los manantiales\u201d, se\u00f1al\u00f3.<\/p>\n\n\n\n<p>Dio a conocer que la tala es la principal amenaza para San Pedro en el Monte, con dicha declaratoria este y otros delitos que se cometan ah\u00ed, ser\u00e1n m\u00e1s graves.<\/p>\n\n\n\n<p>Adem\u00e1s de que a partir del siguiente a\u00f1o habr\u00eda otra declaratoria de ANP en Jilotepec a petici\u00f3n del ayuntamiento y los ejidatarios con el fin de protegerla, de igual forma se trabaja por otra m\u00e1s en Teocelo, en la zona de las barrancas donde nace el r\u00edo Los Pescados.<\/p>\n\n\n\n<p>Finalmente el titular de la SEDEMA dio a conocer que el objetivo es que al final de este gobierno el Estado tenga 30 \u00c1reas Naturales Protegidas, por lo que destac\u00f3 que la importancia de estas declaratorias son los servicios ecosist\u00e9micos que brindan.<\/p>\n","protected":false},"excerpt":{"rendered":"<p>Dar\u00edo Pale Xalapa, Ver.- El titular de la Secretar\u00eda de Medio Ambiente (SEDEMA), Juan Carlos Contreras Bautista dio a conocer que, San Pedro del Monte ser\u00e1 declarada \u00c1rea Natural Protegida (ANP) el pr\u00f3ximo jueves 27 de octubre. En entrevista inform\u00f3 que esta zona abarca una extensi\u00f3n de 457 hect\u00e1reas en los municipios de Perote, Las [&hellip;]<\/p>\n","protected":false},"author":1,"featured_media":32973,"comment_status":"open","ping_status":"open","sticky":false,"template":"","format":"standard","meta":{"_jetpack_memberships_contains_paid_content":false,"footnotes":""},"categories":[2],"tags":[],"class_list":["post-32972","post","type-post","status-publish","format-standard","has-post-thumbnail","hentry","category-estado"],"jetpack_featured_media_url":"https:\/\/encuentroinformativo.com.mx\/wp-content\/uploads\/2022\/10\/4A43CCD8-C0AE-4435-A1F9-14B756C196AD.jpeg","jetpack_sharing_enabled":true,"jetpack_likes_enabled":true,"amp_enabled":true,"_links":{"self":[{"href":"https:\/\/encuentroinformativo.com.mx\/index.php?rest_route=\/wp\/v2\/posts\/32972","targetHints":{"allow":["GET"]}}],"collection":[{"href":"https:\/\/encuentroinformativo.com.mx\/index.php?rest_route=\/wp\/v2\/posts"}],"about":[{"href":"https:\/\/encuentroinformativo.com.mx\/index.php?rest_route=\/wp\/v2\/types\/post"}],"author":[{"embeddable":true,"href":"https:\/\/encuentroinformativo.com.mx\/index.php?rest_route=\/wp\/v2\/users\/1"}],"replies":[{"embeddable":true,"href":"https:\/\/encuentroinformativo.com.mx\/index.php?rest_route=%2Fwp%2Fv2%2Fcomments&post=32972"}],"version-history":[{"count":1,"href":"https:\/\/encuentroinformativo.com.mx\/index.php?rest_route=\/wp\/v2\/posts\/32972\/revisions"}],"predecessor-version":[{"id":32974,"href":"https:\/\/encuentroinformativo.com.mx\/index.php?rest_route=\/wp\/v2\/posts\/32972\/revisions\/32974"}],"wp:featuredmedia":[{"embeddable":true,"href":"https:\/\/encuentroinformativo.com.mx\/index.php?rest_route=\/wp\/v2\/media\/32973"}],"wp:attachment":[{"href":"https:\/\/encuentroinformativo.com.mx\/index.php?rest_route=%2Fwp%2Fv2%2Fmedia&parent=32972"}],"wp:term":[{"taxonomy":"category","embeddable":true,"href":"https:\/\/encuentroinformativo.com.mx\/index.php?rest_route=%2Fwp%2Fv2%2Fcategories&post=32972"},{"taxonomy":"post_tag","embeddable":true,"href":"https:\/\/encuentroinformativo.com.mx\/index.php?rest_route=%2Fwp%2Fv2%2Ftags&post=32972"}],"curies":[{"name":"wp","href":"https:\/\/api.w.org\/{rel}","templated":true}]}}