{"id":33001,"date":"2022-10-23T15:51:15","date_gmt":"2022-10-23T20:51:15","guid":{"rendered":"https:\/\/encuentroinformativo.com.mx\/?p=33001"},"modified":"2022-10-23T15:51:19","modified_gmt":"2022-10-23T20:51:19","slug":"se-suman-medicos-internos-a-protestas-en-xalapa","status":"publish","type":"post","link":"https:\/\/encuentroinformativo.com.mx\/?p=33001","title":{"rendered":"Se suman m\u00e9dicos internos a protestas en Xalapa"},"content":{"rendered":"\n<p><strong>Juan Arcos<\/strong><\/p>\n\n\n\n<p>Xalapa, Ver.- M\u00e1s de 20 m\u00e9dicos internos de pregrado del Hospital Regional \u201cDoctor Luis F. Nach\u00f3n\u201d protestaron de forma pac\u00edfica durante este domingo afuera de este nosocomio, ubicado sobre la calle Pedro Rend\u00f3n esquina Nicol\u00e1s Bravo, en el centro de esta ciudad de Xalapa.<\/p>\n\n\n\n<p>Estuvieron acompa\u00f1ados de sus compa\u00f1eros de la Cl\u00ednica n\u00famero 11 del Instituto Mexicano del Seguro Social (IMSS), en apoyo al m\u00e9dico Fernando Agust\u00edn Villalobos, detenido en la Ciudad de M\u00e9xico.<\/p>\n\n\n\n<p>Los manifestantes negaron entrevistas a reporteros y solo pegaron pancartas sobre la fachada del centro m\u00e9dico, como parte de un paro nacional estudiantil.<\/p>\n\n\n\n<p>\u201cSi porto material es para curar\u201d, \u201csomos internos, no delincuentes\u201d y \u201csoy m\u00e9dico y no celebro el 23 de octubre\u201d, se le\u00eda en algunos de sus mensajes.<\/p>\n\n\n\n<p>Con estas acciones rechazan rotundamente la detenci\u00f3n del m\u00e9dico en el Hospital Regional 1 de Octubre del ISSSTE, quien portaba en su mochila material del nosocomio.<\/p>\n\n\n\n<p>Algunos estudiantes portan con frecuencia material de curaci\u00f3n, como jeringas, tubos de laboratorio, gasas y algod\u00f3n en sus mochilas o batas, pues deben tenerlo a la mano para la atenci\u00f3n de sus pacientes.<\/p>\n\n\n\n<p>Los insumos son otorgados por los hospitales, por lo que no se trata de ning\u00fan robo cometido por los estudiantes de medicina.<\/p>\n\n\n\n<p>El estudiante Fernando Agust\u00edn Villalobos Ram\u00edrez, un m\u00e9dico interno de pregrado del Instituto Polit\u00e9cnico Nacional (IPN), fue arrestado la tarde del martes y llevado al Ministerio P\u00fablico de Tacubaya, acusado de sustraer material m\u00e9dico de dicha instituci\u00f3n.<\/p>\n\n\n\n<p>Sin embargo, el pasado jueves 20 de octubre fue liberado, tras las protestas de estudiantes residentes de medicina.\u00a0<br>Los m\u00e9dicos internos hicieron visible su inconformidad en Xalapa, en el marco del D\u00eda del M\u00e9dico, que se conmemora este 23 de octubre.<\/p>\n\n\n\n<figure class=\"wp-block-image size-large\"><img loading=\"lazy\" decoding=\"async\" width=\"750\" height=\"480\" src=\"https:\/\/encuentroinformativo.com.mx\/wp-content\/uploads\/2022\/10\/B02393A8-ACFB-4664-A73B-49730DA72FFC.jpeg\" alt=\"\" class=\"wp-image-33003\" srcset=\"https:\/\/encuentroinformativo.com.mx\/wp-content\/uploads\/2022\/10\/B02393A8-ACFB-4664-A73B-49730DA72FFC.jpeg 750w, https:\/\/encuentroinformativo.com.mx\/wp-content\/uploads\/2022\/10\/B02393A8-ACFB-4664-A73B-49730DA72FFC-300x192.jpeg 300w\" sizes=\"auto, (max-width: 750px) 100vw, 750px\" \/><\/figure>\n\n\n\n<figure class=\"wp-block-image size-large\"><img loading=\"lazy\" decoding=\"async\" width=\"750\" height=\"524\" src=\"https:\/\/encuentroinformativo.com.mx\/wp-content\/uploads\/2022\/10\/BD183A58-1301-429E-B350-B175AF5D362D.jpeg\" alt=\"\" class=\"wp-image-33004\" srcset=\"https:\/\/encuentroinformativo.com.mx\/wp-content\/uploads\/2022\/10\/BD183A58-1301-429E-B350-B175AF5D362D.jpeg 750w, https:\/\/encuentroinformativo.com.mx\/wp-content\/uploads\/2022\/10\/BD183A58-1301-429E-B350-B175AF5D362D-300x210.jpeg 300w\" sizes=\"auto, (max-width: 750px) 100vw, 750px\" \/><\/figure>\n","protected":false},"excerpt":{"rendered":"<p>Juan Arcos Xalapa, Ver.- M\u00e1s de 20 m\u00e9dicos internos de pregrado del Hospital Regional \u201cDoctor Luis F. Nach\u00f3n\u201d protestaron de forma pac\u00edfica durante este domingo afuera de este nosocomio, ubicado sobre la calle Pedro Rend\u00f3n esquina Nicol\u00e1s Bravo, en el centro de esta ciudad de Xalapa. Estuvieron acompa\u00f1ados de sus compa\u00f1eros de la Cl\u00ednica n\u00famero [&hellip;]<\/p>\n","protected":false},"author":1,"featured_media":33002,"comment_status":"open","ping_status":"open","sticky":false,"template":"","format":"standard","meta":{"_jetpack_memberships_contains_paid_content":false,"footnotes":""},"categories":[9],"tags":[],"class_list":["post-33001","post","type-post","status-publish","format-standard","has-post-thumbnail","hentry","category-salud"],"jetpack_featured_media_url":"https:\/\/encuentroinformativo.com.mx\/wp-content\/uploads\/2022\/10\/80A027FA-71AC-493F-B61C-5F2156E69599.jpeg","jetpack_sharing_enabled":true,"jetpack_likes_enabled":true,"amp_enabled":true,"_links":{"self":[{"href":"https:\/\/encuentroinformativo.com.mx\/index.php?rest_route=\/wp\/v2\/posts\/33001","targetHints":{"allow":["GET"]}}],"collection":[{"href":"https:\/\/encuentroinformativo.com.mx\/index.php?rest_route=\/wp\/v2\/posts"}],"about":[{"href":"https:\/\/encuentroinformativo.com.mx\/index.php?rest_route=\/wp\/v2\/types\/post"}],"author":[{"embeddable":true,"href":"https:\/\/encuentroinformativo.com.mx\/index.php?rest_route=\/wp\/v2\/users\/1"}],"replies":[{"embeddable":true,"href":"https:\/\/encuentroinformativo.com.mx\/index.php?rest_route=%2Fwp%2Fv2%2Fcomments&post=33001"}],"version-history":[{"count":1,"href":"https:\/\/encuentroinformativo.com.mx\/index.php?rest_route=\/wp\/v2\/posts\/33001\/revisions"}],"predecessor-version":[{"id":33005,"href":"https:\/\/encuentroinformativo.com.mx\/index.php?rest_route=\/wp\/v2\/posts\/33001\/revisions\/33005"}],"wp:featuredmedia":[{"embeddable":true,"href":"https:\/\/encuentroinformativo.com.mx\/index.php?rest_route=\/wp\/v2\/media\/33002"}],"wp:attachment":[{"href":"https:\/\/encuentroinformativo.com.mx\/index.php?rest_route=%2Fwp%2Fv2%2Fmedia&parent=33001"}],"wp:term":[{"taxonomy":"category","embeddable":true,"href":"https:\/\/encuentroinformativo.com.mx\/index.php?rest_route=%2Fwp%2Fv2%2Fcategories&post=33001"},{"taxonomy":"post_tag","embeddable":true,"href":"https:\/\/encuentroinformativo.com.mx\/index.php?rest_route=%2Fwp%2Fv2%2Ftags&post=33001"}],"curies":[{"name":"wp","href":"https:\/\/api.w.org\/{rel}","templated":true}]}}