{"id":33011,"date":"2022-10-23T16:16:38","date_gmt":"2022-10-23T21:16:38","guid":{"rendered":"https:\/\/encuentroinformativo.com.mx\/?p=33011"},"modified":"2022-10-23T16:16:43","modified_gmt":"2022-10-23T21:16:43","slug":"crece-confianza-en-ministerios-publicos-segun-inegi","status":"publish","type":"post","link":"https:\/\/encuentroinformativo.com.mx\/?p=33011","title":{"rendered":"Crece confianza en Ministerios P\u00fablicos, seg\u00fan INEGI"},"content":{"rendered":"\n<p><strong>Juan Arcos<\/strong> <\/p>\n\n\n\n<p>Xalapa, Ver.- En el estado de Veracruz m\u00e1s de la mitad de la poblaci\u00f3n conf\u00eda en la labor que desempa\u00f1an los ministerios p\u00fablicos y la Fiscal\u00eda General del Estado (FGE), a cargo de Ver\u00f3nica Hern\u00e1ndez Giad\u00e1ns.<\/p>\n\n\n\n<p>En el marco del 22 de octubre, D\u00eda Nacional del Ministerio P\u00fablico, el Instituto Nacional de Estad\u00edstica, Geograf\u00eda e Informaci\u00f3n (INEGI) revela que en esta entidad federativa ha incrementado el porcentaje de habitantes que conf\u00eda en la dependencia mencionada.<\/p>\n\n\n\n<p>En el a\u00f1o 2016 solo 47.5 por ciento de la poblaci\u00f3n veracruzana confiaba en los ministerios p\u00fablicos; sin embargo, en 2017, la cifra sufri\u00f3 a 48 por ciento; en 2018 a 52.1 por ciento; en 2019 a 57.6 por ciento.\u00a0<br>Mientras que en 2020 el porcentaje disminuy\u00f3 a 56.2 por ciento, pero se elev\u00f3 en 2021 a 59.9 por ciento y en 2022 a 61.1 por ciento.<\/p>\n\n\n\n<p>Al cierre de 2021, trabajaban 12 mil 147 personas en las agencias del Ministerio P\u00fablico (MP) de la Federaci\u00f3n y 53 mil 425 en los estatales.<\/p>\n\n\n\n<p>Durante 2021, cada fiscal del fuero federal atendi\u00f3 25 carpetas de investigaci\u00f3n y cada agente o fiscal del fuero com\u00fan 149 carpetas de investigaci\u00f3n o averiguaciones previas.<\/p>\n\n\n\n<p>En 2022, 63.3 por ciento de las personas mayores de 18 a\u00f1os en M\u00e9xico dijo confiar en la Fiscal\u00eda General de la Rep\u00fablica (FGR) y 55.9 por ciento en las Procuradur\u00edas Generales de Justicia o Fiscal\u00edas Generales estatales.<\/p>\n\n\n\n<p>En las fiscal\u00edas de Oaxaca, Chiapas, Morelos y Veracruz se encontr\u00f3 mayor igualdad de ingresos econ\u00f3micos.\u00a0<\/p>\n","protected":false},"excerpt":{"rendered":"<p>Juan Arcos Xalapa, Ver.- En el estado de Veracruz m\u00e1s de la mitad de la poblaci\u00f3n conf\u00eda en la labor que desempa\u00f1an los ministerios p\u00fablicos y la Fiscal\u00eda General del Estado (FGE), a cargo de Ver\u00f3nica Hern\u00e1ndez Giad\u00e1ns. En el marco del 22 de octubre, D\u00eda Nacional del Ministerio P\u00fablico, el Instituto Nacional de Estad\u00edstica, [&hellip;]<\/p>\n","protected":false},"author":1,"featured_media":33012,"comment_status":"open","ping_status":"open","sticky":false,"template":"","format":"standard","meta":{"_jetpack_memberships_contains_paid_content":false,"footnotes":""},"categories":[2],"tags":[],"class_list":["post-33011","post","type-post","status-publish","format-standard","has-post-thumbnail","hentry","category-estado"],"jetpack_featured_media_url":"https:\/\/encuentroinformativo.com.mx\/wp-content\/uploads\/2022\/10\/F4EBBB0A-92E0-4809-B83F-CC683F6950DE.jpeg","jetpack_sharing_enabled":true,"jetpack_likes_enabled":true,"amp_enabled":true,"_links":{"self":[{"href":"https:\/\/encuentroinformativo.com.mx\/index.php?rest_route=\/wp\/v2\/posts\/33011","targetHints":{"allow":["GET"]}}],"collection":[{"href":"https:\/\/encuentroinformativo.com.mx\/index.php?rest_route=\/wp\/v2\/posts"}],"about":[{"href":"https:\/\/encuentroinformativo.com.mx\/index.php?rest_route=\/wp\/v2\/types\/post"}],"author":[{"embeddable":true,"href":"https:\/\/encuentroinformativo.com.mx\/index.php?rest_route=\/wp\/v2\/users\/1"}],"replies":[{"embeddable":true,"href":"https:\/\/encuentroinformativo.com.mx\/index.php?rest_route=%2Fwp%2Fv2%2Fcomments&post=33011"}],"version-history":[{"count":1,"href":"https:\/\/encuentroinformativo.com.mx\/index.php?rest_route=\/wp\/v2\/posts\/33011\/revisions"}],"predecessor-version":[{"id":33013,"href":"https:\/\/encuentroinformativo.com.mx\/index.php?rest_route=\/wp\/v2\/posts\/33011\/revisions\/33013"}],"wp:featuredmedia":[{"embeddable":true,"href":"https:\/\/encuentroinformativo.com.mx\/index.php?rest_route=\/wp\/v2\/media\/33012"}],"wp:attachment":[{"href":"https:\/\/encuentroinformativo.com.mx\/index.php?rest_route=%2Fwp%2Fv2%2Fmedia&parent=33011"}],"wp:term":[{"taxonomy":"category","embeddable":true,"href":"https:\/\/encuentroinformativo.com.mx\/index.php?rest_route=%2Fwp%2Fv2%2Fcategories&post=33011"},{"taxonomy":"post_tag","embeddable":true,"href":"https:\/\/encuentroinformativo.com.mx\/index.php?rest_route=%2Fwp%2Fv2%2Ftags&post=33011"}],"curies":[{"name":"wp","href":"https:\/\/api.w.org\/{rel}","templated":true}]}}