{"id":33017,"date":"2022-10-24T11:24:54","date_gmt":"2022-10-24T16:24:54","guid":{"rendered":"https:\/\/encuentroinformativo.com.mx\/?p=33017"},"modified":"2022-10-24T11:24:57","modified_gmt":"2022-10-24T16:24:57","slug":"como-cada-ano-apoya-con-alimentos-a-peregrinos-de-san-rafael","status":"publish","type":"post","link":"https:\/\/encuentroinformativo.com.mx\/?p=33017","title":{"rendered":"Como cada a\u00f1o, apoya con alimentos a peregrinos de San Rafael"},"content":{"rendered":"\n<p><strong>Dar\u00edo Pale<\/strong><\/p>\n\n\n\n<p>Xalapa, Ver.- La se\u00f1ora Mar\u00eda Elena Herrera Escobedo como cada a\u00f1o la noche del 23 de octubre para amanecer 24 apoyo a los peregrinos que caminan de diferentes puntos del estado a la Catedral Metropolitana con motivo de festejar un a\u00f1o m\u00e1s de la canonizaci\u00f3n de San Rafael Gu\u00edzar y Valencia. <\/p>\n\n\n\n<p>Lleva m\u00e1s de 10 a\u00f1os apoyando a todas las personas que caminan desde diferentes puntos del estado a la catedral metropolitana, donde para amenizar un poco su trayecto les ofrece, caf\u00e9, pan y algunas tortas.<\/p>\n\n\n\n<p>Ella lo hace con gran gusto ya que es una &#8220;manda&#8221; que tiene por un milagro que ella recibi\u00f3, por lo cual continuar\u00e1 haciendo esta labor hasta que Dios se lo permita.<\/p>\n\n\n\n<p>Cabe recordar que cada a\u00f1o personas de diferentes municipios del estado inician una caminata para llegar durante la noche del 23 y la madrugada del 24 a la a catedral metropolitana para festejar la canonizaci\u00f3n de San Rafael Gu\u00edzar y Valencia.<\/p>\n\n\n\n<p>Algunos llegan caminando, otros en moto, algunos traen arcos florales como los habitantes de Piedra Parada del municipio de Cosautlan de Carvajal y de Teocelo, los cuales son colocados en la puerta y a\u00fan costado de la catedral.<\/p>\n","protected":false},"excerpt":{"rendered":"<p>Dar\u00edo Pale Xalapa, Ver.- La se\u00f1ora Mar\u00eda Elena Herrera Escobedo como cada a\u00f1o la noche del 23 de octubre para amanecer 24 apoyo a los peregrinos que caminan de diferentes puntos del estado a la Catedral Metropolitana con motivo de festejar un a\u00f1o m\u00e1s de la canonizaci\u00f3n de San Rafael Gu\u00edzar y Valencia. Lleva m\u00e1s [&hellip;]<\/p>\n","protected":false},"author":1,"featured_media":33018,"comment_status":"open","ping_status":"open","sticky":false,"template":"","format":"standard","meta":{"_jetpack_memberships_contains_paid_content":false,"footnotes":""},"categories":[3],"tags":[],"class_list":["post-33017","post","type-post","status-publish","format-standard","has-post-thumbnail","hentry","category-xalapa"],"jetpack_featured_media_url":"https:\/\/encuentroinformativo.com.mx\/wp-content\/uploads\/2022\/10\/7A6435E2-0141-4487-BAB7-7AE03C8A8B33.jpeg","jetpack_sharing_enabled":true,"jetpack_likes_enabled":true,"amp_enabled":true,"_links":{"self":[{"href":"https:\/\/encuentroinformativo.com.mx\/index.php?rest_route=\/wp\/v2\/posts\/33017","targetHints":{"allow":["GET"]}}],"collection":[{"href":"https:\/\/encuentroinformativo.com.mx\/index.php?rest_route=\/wp\/v2\/posts"}],"about":[{"href":"https:\/\/encuentroinformativo.com.mx\/index.php?rest_route=\/wp\/v2\/types\/post"}],"author":[{"embeddable":true,"href":"https:\/\/encuentroinformativo.com.mx\/index.php?rest_route=\/wp\/v2\/users\/1"}],"replies":[{"embeddable":true,"href":"https:\/\/encuentroinformativo.com.mx\/index.php?rest_route=%2Fwp%2Fv2%2Fcomments&post=33017"}],"version-history":[{"count":1,"href":"https:\/\/encuentroinformativo.com.mx\/index.php?rest_route=\/wp\/v2\/posts\/33017\/revisions"}],"predecessor-version":[{"id":33019,"href":"https:\/\/encuentroinformativo.com.mx\/index.php?rest_route=\/wp\/v2\/posts\/33017\/revisions\/33019"}],"wp:featuredmedia":[{"embeddable":true,"href":"https:\/\/encuentroinformativo.com.mx\/index.php?rest_route=\/wp\/v2\/media\/33018"}],"wp:attachment":[{"href":"https:\/\/encuentroinformativo.com.mx\/index.php?rest_route=%2Fwp%2Fv2%2Fmedia&parent=33017"}],"wp:term":[{"taxonomy":"category","embeddable":true,"href":"https:\/\/encuentroinformativo.com.mx\/index.php?rest_route=%2Fwp%2Fv2%2Fcategories&post=33017"},{"taxonomy":"post_tag","embeddable":true,"href":"https:\/\/encuentroinformativo.com.mx\/index.php?rest_route=%2Fwp%2Fv2%2Ftags&post=33017"}],"curies":[{"name":"wp","href":"https:\/\/api.w.org\/{rel}","templated":true}]}}