{"id":33020,"date":"2022-10-24T12:24:13","date_gmt":"2022-10-24T17:24:13","guid":{"rendered":"https:\/\/encuentroinformativo.com.mx\/?p=33020"},"modified":"2022-10-24T12:24:17","modified_gmt":"2022-10-24T17:24:17","slug":"toman-facultad-de-psicologia-insisten-estudiantes-en-destitucion-de-directora","status":"publish","type":"post","link":"https:\/\/encuentroinformativo.com.mx\/?p=33020","title":{"rendered":"Toman facultad de Psicolog\u00eda; insisten estudiantes en destituci\u00f3n de directora"},"content":{"rendered":"\n<p><strong>Juan Arcos<\/strong><\/p>\n\n\n\n<p>Xalapa, Ver.- Estudiantes tomaron la Facultad de Psicolog\u00eda de la Universidad Veracruzana (UV) para exigir la destituci\u00f3n de la directora Teresa Figueroa V\u00e1zquez, a quien se\u00f1alan de ser omisa en sus funciones.<\/p>\n\n\n\n<p>La ma\u00f1ana de este lunes 24 de octubre exigieron al rector de la m\u00e1xima casa de estudios, Mart\u00edn Aguilar S\u00e1nchez, que atienda la problem\u00e1tica.<\/p>\n\n\n\n<p>De acuerdo con un estudiante, quien solicit\u00f3 el anonimato por temor a represalias, se ha registrado una mala gesti\u00f3n en la Facultad de Psicolog\u00eda por la falta de asignaci\u00f3n de docentes en Experiencias Educativas.<\/p>\n\n\n\n<p>Despu\u00e9s de haber iniciado clases presenciales, siete experiencias educativas est\u00e1n sin profesor, afectando, en promedio, a 210 estudiantes.<\/p>\n\n\n\n<p>\u201cExisten dos plazas de docentes de tiempo completo que no han sidodesignadas. Hay 170 estudiantes sin un plan de egreso acorde con sus trayectorias. Del total esperado de estudiantes que deben egresar, solo lo ha hecho el 60 por ciento\u201d, se lee en el pliego petitorio.<\/p>\n\n\n\n<p>Los alumnos tambi\u00e9n reprobaron la no resoluci\u00f3n de quejas de violencia de g\u00e9nero y la falta de transparencia en procesos educativos.<\/p>\n\n\n\n<p>Los universitarios tomar\u00e1n acuerdos internos este lunes y no descartan la posibilidad de mantener la toma de instalaciones de dicha facultad.<\/p>\n\n\n\n<p>\u201cSobre todo es la asignaci\u00f3n de maestros para experiencias educativas, que a estas alturas del semestre todav\u00eda no tienen acad\u00e9mico asignado y tambi\u00e9n asignaci\u00f3n de dos plazas que est\u00e1 pendiente desde hace un largo periodo\u201d, a\u00f1adieron.<\/p>\n\n\n\n<figure class=\"wp-block-image size-large\"><img loading=\"lazy\" decoding=\"async\" width=\"1024\" height=\"768\" src=\"https:\/\/encuentroinformativo.com.mx\/wp-content\/uploads\/2022\/10\/3962BB05-9EC7-4ACC-B8AF-E4190AAD3E24-1024x768.jpeg\" alt=\"\" class=\"wp-image-33022\" srcset=\"https:\/\/encuentroinformativo.com.mx\/wp-content\/uploads\/2022\/10\/3962BB05-9EC7-4ACC-B8AF-E4190AAD3E24-1024x768.jpeg 1024w, https:\/\/encuentroinformativo.com.mx\/wp-content\/uploads\/2022\/10\/3962BB05-9EC7-4ACC-B8AF-E4190AAD3E24-300x225.jpeg 300w, https:\/\/encuentroinformativo.com.mx\/wp-content\/uploads\/2022\/10\/3962BB05-9EC7-4ACC-B8AF-E4190AAD3E24-768x576.jpeg 768w, https:\/\/encuentroinformativo.com.mx\/wp-content\/uploads\/2022\/10\/3962BB05-9EC7-4ACC-B8AF-E4190AAD3E24.jpeg 1280w\" sizes=\"auto, (max-width: 1024px) 100vw, 1024px\" \/><\/figure>\n","protected":false},"excerpt":{"rendered":"<p>Juan Arcos Xalapa, Ver.- Estudiantes tomaron la Facultad de Psicolog\u00eda de la Universidad Veracruzana (UV) para exigir la destituci\u00f3n de la directora Teresa Figueroa V\u00e1zquez, a quien se\u00f1alan de ser omisa en sus funciones. La ma\u00f1ana de este lunes 24 de octubre exigieron al rector de la m\u00e1xima casa de estudios, Mart\u00edn Aguilar S\u00e1nchez, que [&hellip;]<\/p>\n","protected":false},"author":1,"featured_media":33021,"comment_status":"open","ping_status":"open","sticky":false,"template":"","format":"standard","meta":{"_jetpack_memberships_contains_paid_content":false,"footnotes":""},"categories":[3],"tags":[],"class_list":["post-33020","post","type-post","status-publish","format-standard","has-post-thumbnail","hentry","category-xalapa"],"jetpack_featured_media_url":"https:\/\/encuentroinformativo.com.mx\/wp-content\/uploads\/2022\/10\/A770D05C-B8E7-4746-B92F-CE087EB55660.jpeg","jetpack_sharing_enabled":true,"jetpack_likes_enabled":true,"amp_enabled":true,"_links":{"self":[{"href":"https:\/\/encuentroinformativo.com.mx\/index.php?rest_route=\/wp\/v2\/posts\/33020","targetHints":{"allow":["GET"]}}],"collection":[{"href":"https:\/\/encuentroinformativo.com.mx\/index.php?rest_route=\/wp\/v2\/posts"}],"about":[{"href":"https:\/\/encuentroinformativo.com.mx\/index.php?rest_route=\/wp\/v2\/types\/post"}],"author":[{"embeddable":true,"href":"https:\/\/encuentroinformativo.com.mx\/index.php?rest_route=\/wp\/v2\/users\/1"}],"replies":[{"embeddable":true,"href":"https:\/\/encuentroinformativo.com.mx\/index.php?rest_route=%2Fwp%2Fv2%2Fcomments&post=33020"}],"version-history":[{"count":1,"href":"https:\/\/encuentroinformativo.com.mx\/index.php?rest_route=\/wp\/v2\/posts\/33020\/revisions"}],"predecessor-version":[{"id":33023,"href":"https:\/\/encuentroinformativo.com.mx\/index.php?rest_route=\/wp\/v2\/posts\/33020\/revisions\/33023"}],"wp:featuredmedia":[{"embeddable":true,"href":"https:\/\/encuentroinformativo.com.mx\/index.php?rest_route=\/wp\/v2\/media\/33021"}],"wp:attachment":[{"href":"https:\/\/encuentroinformativo.com.mx\/index.php?rest_route=%2Fwp%2Fv2%2Fmedia&parent=33020"}],"wp:term":[{"taxonomy":"category","embeddable":true,"href":"https:\/\/encuentroinformativo.com.mx\/index.php?rest_route=%2Fwp%2Fv2%2Fcategories&post=33020"},{"taxonomy":"post_tag","embeddable":true,"href":"https:\/\/encuentroinformativo.com.mx\/index.php?rest_route=%2Fwp%2Fv2%2Ftags&post=33020"}],"curies":[{"name":"wp","href":"https:\/\/api.w.org\/{rel}","templated":true}]}}