{"id":33024,"date":"2022-10-24T12:43:15","date_gmt":"2022-10-24T17:43:15","guid":{"rendered":"https:\/\/encuentroinformativo.com.mx\/?p=33024"},"modified":"2022-10-24T12:43:19","modified_gmt":"2022-10-24T17:43:19","slug":"trabaja-sin-quirofano-hospital-de-coatepec-empleados-acusan-carencias","status":"publish","type":"post","link":"https:\/\/encuentroinformativo.com.mx\/?p=33024","title":{"rendered":"Trabaja sin quir\u00f3fano hospital de Coatepec; empleados acusan carencias"},"content":{"rendered":"\n<p><strong>Juan Arcos <\/strong><\/p>\n\n\n\n<p>Coatepec, Ver.- Empleados del Hospital de la Comunidad de Coatepec protestaron para exigir la destituci\u00f3n de los directivos del nosocomio, a quienes se\u00f1alan de acosar a los trabajadores y de distintas deficiencias en la calidad del servicio.<\/p>\n\n\n\n<p>Los manifestantes cerraron la calle Nicol\u00e1s Bravo casi esquina con Miguel Hidalgo, donde reclamaron la remoci\u00f3n del director Jos\u00e9 Antonio Rivera Medina; la administradora Edith Valeria Mu\u00f1oz y el jefe de Enfermer\u00eda, Manuel Iv\u00e1n Acosta Hern\u00e1ndez.<\/p>\n\n\n\n<p>De acuerdo con Rufina Mart\u00ednez, una de las enfermeras, desde hace m\u00e1s de un a\u00f1o no funciona el quir\u00f3fano de dicho hospital por falta de equipamiento, lo que impide atender a mujeres embarazadas que requieren ces\u00e1reas.<\/p>\n\n\n\n<p>\u201cDesde hace m\u00e1s de un a\u00f1o no tenemos el quir\u00f3fano abierto, est\u00e1 cerrado. Necesitamos trabajar, atender a la poblaci\u00f3n. Aqu\u00ed no podemos atender a mujeres embarazadas con alto riesgo, s\u00f3lo podemos atender a las que vienen en periodo de expulsi\u00f3n, las dem\u00e1s mujeres son enviadas a Xalapa\u201d, detall\u00f3.<\/p>\n\n\n\n<p>En dicho nosocomio se reciba a pacientes hasta de la comunidad Chilchotla, estado de Puebla, as\u00ed como de localidades marginadas de esta entidad; sin embargo, en este momento la atenci\u00f3n no es la adecuada.<\/p>\n\n\n\n<p>\u201cVienen de municipios aleda\u00f1os como Ixhuac\u00e1n, Ayahualulco, Cosautl\u00e1n, Teocelo, Xico, tenemos m\u00e1s de un a\u00f1o de que no se hacen ces\u00e1reas\u201d, a\u00f1adi\u00f3.<\/p>\n\n\n\n<p>Por tal motivo, pidieron al gobernador Cuitl\u00e1huac Garc\u00eda Jim\u00e9nez y al secretario de Salud, Gerardo D\u00edaz Morales, que supervisen las instalaciones para que se den cuenta de todas las deficiencias existentes.<\/p>\n\n\n\n<p>El hospital cuenta con ginec\u00f3logos, pediatras, m\u00e9dicos generales, enfermeras con licenciatura y especialidad para atender a la poblaci\u00f3n, pero carecen de insumos y equipo para desempe\u00f1ar su labor.<\/p>\n\n\n\n<p>La enfermera Rufina Mart\u00ednez record\u00f3 que en mayo de 2021 los directivos despidieron a una empleada con 15 a\u00f1os de antig\u00fcedad en el \u00e1rea administrativa, debido a que no acept\u00f3 la imposici\u00f3n de un cambio de horario en su jornada laboral.<\/p>\n\n\n\n<figure class=\"wp-block-image size-large\"><img loading=\"lazy\" decoding=\"async\" width=\"1024\" height=\"766\" src=\"https:\/\/encuentroinformativo.com.mx\/wp-content\/uploads\/2022\/10\/A39FD2DC-C949-4C0D-80E3-FDB16CEEDEF1-1024x766.jpeg\" alt=\"\" class=\"wp-image-33026\" srcset=\"https:\/\/encuentroinformativo.com.mx\/wp-content\/uploads\/2022\/10\/A39FD2DC-C949-4C0D-80E3-FDB16CEEDEF1-1024x766.jpeg 1024w, https:\/\/encuentroinformativo.com.mx\/wp-content\/uploads\/2022\/10\/A39FD2DC-C949-4C0D-80E3-FDB16CEEDEF1-300x225.jpeg 300w, https:\/\/encuentroinformativo.com.mx\/wp-content\/uploads\/2022\/10\/A39FD2DC-C949-4C0D-80E3-FDB16CEEDEF1-768x575.jpeg 768w, https:\/\/encuentroinformativo.com.mx\/wp-content\/uploads\/2022\/10\/A39FD2DC-C949-4C0D-80E3-FDB16CEEDEF1.jpeg 1280w\" sizes=\"auto, (max-width: 1024px) 100vw, 1024px\" \/><\/figure>\n","protected":false},"excerpt":{"rendered":"<p>Juan Arcos Coatepec, Ver.- Empleados del Hospital de la Comunidad de Coatepec protestaron para exigir la destituci\u00f3n de los directivos del nosocomio, a quienes se\u00f1alan de acosar a los trabajadores y de distintas deficiencias en la calidad del servicio. Los manifestantes cerraron la calle Nicol\u00e1s Bravo casi esquina con Miguel Hidalgo, donde reclamaron la remoci\u00f3n [&hellip;]<\/p>\n","protected":false},"author":1,"featured_media":33025,"comment_status":"open","ping_status":"open","sticky":false,"template":"","format":"standard","meta":{"_jetpack_memberships_contains_paid_content":false,"footnotes":""},"categories":[9],"tags":[],"class_list":["post-33024","post","type-post","status-publish","format-standard","has-post-thumbnail","hentry","category-salud"],"jetpack_featured_media_url":"https:\/\/encuentroinformativo.com.mx\/wp-content\/uploads\/2022\/10\/8E36F69E-75C0-4AE3-999D-C4F57959BB8F.jpeg","jetpack_sharing_enabled":true,"jetpack_likes_enabled":true,"amp_enabled":true,"_links":{"self":[{"href":"https:\/\/encuentroinformativo.com.mx\/index.php?rest_route=\/wp\/v2\/posts\/33024","targetHints":{"allow":["GET"]}}],"collection":[{"href":"https:\/\/encuentroinformativo.com.mx\/index.php?rest_route=\/wp\/v2\/posts"}],"about":[{"href":"https:\/\/encuentroinformativo.com.mx\/index.php?rest_route=\/wp\/v2\/types\/post"}],"author":[{"embeddable":true,"href":"https:\/\/encuentroinformativo.com.mx\/index.php?rest_route=\/wp\/v2\/users\/1"}],"replies":[{"embeddable":true,"href":"https:\/\/encuentroinformativo.com.mx\/index.php?rest_route=%2Fwp%2Fv2%2Fcomments&post=33024"}],"version-history":[{"count":1,"href":"https:\/\/encuentroinformativo.com.mx\/index.php?rest_route=\/wp\/v2\/posts\/33024\/revisions"}],"predecessor-version":[{"id":33027,"href":"https:\/\/encuentroinformativo.com.mx\/index.php?rest_route=\/wp\/v2\/posts\/33024\/revisions\/33027"}],"wp:featuredmedia":[{"embeddable":true,"href":"https:\/\/encuentroinformativo.com.mx\/index.php?rest_route=\/wp\/v2\/media\/33025"}],"wp:attachment":[{"href":"https:\/\/encuentroinformativo.com.mx\/index.php?rest_route=%2Fwp%2Fv2%2Fmedia&parent=33024"}],"wp:term":[{"taxonomy":"category","embeddable":true,"href":"https:\/\/encuentroinformativo.com.mx\/index.php?rest_route=%2Fwp%2Fv2%2Fcategories&post=33024"},{"taxonomy":"post_tag","embeddable":true,"href":"https:\/\/encuentroinformativo.com.mx\/index.php?rest_route=%2Fwp%2Fv2%2Ftags&post=33024"}],"curies":[{"name":"wp","href":"https:\/\/api.w.org\/{rel}","templated":true}]}}