{"id":33028,"date":"2022-10-24T14:10:08","date_gmt":"2022-10-24T19:10:08","guid":{"rendered":"https:\/\/encuentroinformativo.com.mx\/?p=33028"},"modified":"2022-10-24T14:10:13","modified_gmt":"2022-10-24T19:10:13","slug":"repunta-ocupacion-hotelera-en-naolinco","status":"publish","type":"post","link":"https:\/\/encuentroinformativo.com.mx\/?p=33028","title":{"rendered":"Repunta ocupaci\u00f3n hotelera en Naolinco"},"content":{"rendered":"\n<p><strong>Juan Arcos<\/strong><\/p>\n\n\n\n<p>Naolinco, Ver.- Las actividades culturales por los festejos del D\u00eda de Muertos inician el martes 25 de octubre en el municipio de Naolinco con la procesi\u00f3n de San Crisp\u00edn por parte de los zapateros y artesanos.<\/p>\n\n\n\n<p>Los empresarios de Naolinco esperan el arribo de miles de visitantes y una importante derrama econ\u00f3mica durante esta temporada, pues en este momento ya se reporta el 100 por ciento de ocupaci\u00f3n hotelera.<\/p>\n\n\n\n<p>De acuerdo con el artesano zapatero Javier Ismael Hern\u00e1ndez Rivera, del 29 de octubre al 2 de noviembre se realizar\u00e1 la tradicional \u201cCantada\u201d, donde la gente realiza un recorrido en los altares de las casas, iniciando en la Capilla del Descanso, ubicada al interior del pante\u00f3n municipal.<\/p>\n\n\n\n<p>\u201cEl d\u00eda principal es el d\u00eda primero de noviembre. Nosotros como comerciantes esperamos una buena afluencia de turismo despu\u00e9s de dos a\u00f1os, hacemos la invitaci\u00f3n a todos los turistas que nos visiten\u201d, agreg\u00f3.<\/p>\n\n\n\n<p>Las actividades se reanudar\u00e1n despu\u00e9s de dos a\u00f1os de pandemia por el virus Sars-Cov2 (Covid-19), la cual gener\u00f3 p\u00e9rdidas econ\u00f3micas cuantiosas.<\/p>\n\n\n\n<p>Los artesanos ofrecen diversos art\u00edculos de piel que son fabricados por ellos mismos, como calzado, bolsas, carteras, cinturones y otros art\u00edculos.<\/p>\n\n\n\n<p>Cabe mencionar que el 80 por ciento de la poblaci\u00f3n de Naolinco se dedica a la fabricaci\u00f3n del calzado de piel.<\/p>\n\n\n\n<p>\u201cRecomendamos a los turistas que nos visiten que lleguen temprano para que encuentren un lugar donde estacionarse\u201d, enfatizaron.<\/p>\n","protected":false},"excerpt":{"rendered":"<p>Juan Arcos Naolinco, Ver.- Las actividades culturales por los festejos del D\u00eda de Muertos inician el martes 25 de octubre en el municipio de Naolinco con la procesi\u00f3n de San Crisp\u00edn por parte de los zapateros y artesanos. Los empresarios de Naolinco esperan el arribo de miles de visitantes y una importante derrama econ\u00f3mica durante [&hellip;]<\/p>\n","protected":false},"author":1,"featured_media":33029,"comment_status":"open","ping_status":"open","sticky":false,"template":"","format":"standard","meta":{"_jetpack_memberships_contains_paid_content":false,"footnotes":""},"categories":[8],"tags":[],"class_list":["post-33028","post","type-post","status-publish","format-standard","has-post-thumbnail","hentry","category-region"],"jetpack_featured_media_url":"https:\/\/encuentroinformativo.com.mx\/wp-content\/uploads\/2022\/10\/0B68DED2-3785-42EF-9AA7-AEA55C6832A3.jpeg","jetpack_sharing_enabled":true,"jetpack_likes_enabled":true,"amp_enabled":true,"_links":{"self":[{"href":"https:\/\/encuentroinformativo.com.mx\/index.php?rest_route=\/wp\/v2\/posts\/33028","targetHints":{"allow":["GET"]}}],"collection":[{"href":"https:\/\/encuentroinformativo.com.mx\/index.php?rest_route=\/wp\/v2\/posts"}],"about":[{"href":"https:\/\/encuentroinformativo.com.mx\/index.php?rest_route=\/wp\/v2\/types\/post"}],"author":[{"embeddable":true,"href":"https:\/\/encuentroinformativo.com.mx\/index.php?rest_route=\/wp\/v2\/users\/1"}],"replies":[{"embeddable":true,"href":"https:\/\/encuentroinformativo.com.mx\/index.php?rest_route=%2Fwp%2Fv2%2Fcomments&post=33028"}],"version-history":[{"count":1,"href":"https:\/\/encuentroinformativo.com.mx\/index.php?rest_route=\/wp\/v2\/posts\/33028\/revisions"}],"predecessor-version":[{"id":33030,"href":"https:\/\/encuentroinformativo.com.mx\/index.php?rest_route=\/wp\/v2\/posts\/33028\/revisions\/33030"}],"wp:featuredmedia":[{"embeddable":true,"href":"https:\/\/encuentroinformativo.com.mx\/index.php?rest_route=\/wp\/v2\/media\/33029"}],"wp:attachment":[{"href":"https:\/\/encuentroinformativo.com.mx\/index.php?rest_route=%2Fwp%2Fv2%2Fmedia&parent=33028"}],"wp:term":[{"taxonomy":"category","embeddable":true,"href":"https:\/\/encuentroinformativo.com.mx\/index.php?rest_route=%2Fwp%2Fv2%2Fcategories&post=33028"},{"taxonomy":"post_tag","embeddable":true,"href":"https:\/\/encuentroinformativo.com.mx\/index.php?rest_route=%2Fwp%2Fv2%2Ftags&post=33028"}],"curies":[{"name":"wp","href":"https:\/\/api.w.org\/{rel}","templated":true}]}}