{"id":33031,"date":"2022-10-24T14:39:59","date_gmt":"2022-10-24T19:39:59","guid":{"rendered":"https:\/\/encuentroinformativo.com.mx\/?p=33031"},"modified":"2022-10-24T14:40:03","modified_gmt":"2022-10-24T19:40:03","slug":"descarta-alcalde-de-cordoba-bajarse-el-sueldo","status":"publish","type":"post","link":"https:\/\/encuentroinformativo.com.mx\/?p=33031","title":{"rendered":"Descarta alcalde de C\u00f3rdoba  bajarse el sueldo"},"content":{"rendered":"\n<p><strong>Dar\u00edo Pale <\/strong><\/p>\n\n\n\n<p>Xalapa, Ver.- Reiter\u00f3 que gana m\u00e1s que el gobernador Cuitl\u00e1huac Garc\u00eda Jim\u00e9nez y que probablemente no se baje el sueldo tras ser exhibido en medios de comunicaci\u00f3n el alcalde de C\u00f3rdoba Juan Mart\u00ednez Flores.<\/p>\n\n\n\n<p>En entrevista se\u00f1al\u00f3 que en d\u00edas pasados hab\u00eda dicho que se bajar\u00eda su sueldo, no obstante, como sigue trabajando de la misma manera, igual y no se lo baja.<\/p>\n\n\n\n<p>&#8220;Si a ustedes se les hace oneroso, nosotros cumplimos con lo que &#8230;yo lo dije y lo sigo diciendo, sin embargo, yo considero el tiempo prudente&#8221;, se\u00f1al\u00f3.<\/p>\n\n\n\n<p>&#8220;Probablemente el pr\u00f3ximo a\u00f1o y si no, hasta los cuatro a\u00f1os, veremos en el camino, sobre 103 mil pesos (salario)&#8221;, agreg\u00f3.<\/p>\n\n\n\n<p>En el mes de abril se dio a conocer que tiene un salario de 149 mil 529.80 pesos, por lo que percibe m\u00e1s del doble que el titular del Ejecutivo, quien tiene ingresos por aproximadamente 60 mil pesos mensuales.<\/p>\n\n\n\n<p>Incluso, gana m\u00e1s que el presidente de la Rep\u00fablica, cuyo sueldo mensual es de 112 mil 122 pesos.<\/p>\n\n\n\n<p>Finalmente el edil de C\u00f3rdoba asegur\u00f3 que sus ingresos son por el orden de los 103 mil pesos mensuales y aunque se le dijo que es superior al del Mandatario estatal respondi\u00f3 &#8220;bueno igual y s\u00ed&#8221;.<\/p>\n","protected":false},"excerpt":{"rendered":"<p>Dar\u00edo Pale Xalapa, Ver.- Reiter\u00f3 que gana m\u00e1s que el gobernador Cuitl\u00e1huac Garc\u00eda Jim\u00e9nez y que probablemente no se baje el sueldo tras ser exhibido en medios de comunicaci\u00f3n el alcalde de C\u00f3rdoba Juan Mart\u00ednez Flores. En entrevista se\u00f1al\u00f3 que en d\u00edas pasados hab\u00eda dicho que se bajar\u00eda su sueldo, no obstante, como sigue trabajando [&hellip;]<\/p>\n","protected":false},"author":1,"featured_media":33032,"comment_status":"open","ping_status":"open","sticky":false,"template":"","format":"standard","meta":{"_jetpack_memberships_contains_paid_content":false,"footnotes":""},"categories":[2],"tags":[],"class_list":["post-33031","post","type-post","status-publish","format-standard","has-post-thumbnail","hentry","category-estado"],"jetpack_featured_media_url":"https:\/\/encuentroinformativo.com.mx\/wp-content\/uploads\/2022\/10\/FE9F16AA-335A-4517-9E38-4AEA21C0C363.jpeg","jetpack_sharing_enabled":true,"jetpack_likes_enabled":true,"amp_enabled":true,"_links":{"self":[{"href":"https:\/\/encuentroinformativo.com.mx\/index.php?rest_route=\/wp\/v2\/posts\/33031","targetHints":{"allow":["GET"]}}],"collection":[{"href":"https:\/\/encuentroinformativo.com.mx\/index.php?rest_route=\/wp\/v2\/posts"}],"about":[{"href":"https:\/\/encuentroinformativo.com.mx\/index.php?rest_route=\/wp\/v2\/types\/post"}],"author":[{"embeddable":true,"href":"https:\/\/encuentroinformativo.com.mx\/index.php?rest_route=\/wp\/v2\/users\/1"}],"replies":[{"embeddable":true,"href":"https:\/\/encuentroinformativo.com.mx\/index.php?rest_route=%2Fwp%2Fv2%2Fcomments&post=33031"}],"version-history":[{"count":1,"href":"https:\/\/encuentroinformativo.com.mx\/index.php?rest_route=\/wp\/v2\/posts\/33031\/revisions"}],"predecessor-version":[{"id":33033,"href":"https:\/\/encuentroinformativo.com.mx\/index.php?rest_route=\/wp\/v2\/posts\/33031\/revisions\/33033"}],"wp:featuredmedia":[{"embeddable":true,"href":"https:\/\/encuentroinformativo.com.mx\/index.php?rest_route=\/wp\/v2\/media\/33032"}],"wp:attachment":[{"href":"https:\/\/encuentroinformativo.com.mx\/index.php?rest_route=%2Fwp%2Fv2%2Fmedia&parent=33031"}],"wp:term":[{"taxonomy":"category","embeddable":true,"href":"https:\/\/encuentroinformativo.com.mx\/index.php?rest_route=%2Fwp%2Fv2%2Fcategories&post=33031"},{"taxonomy":"post_tag","embeddable":true,"href":"https:\/\/encuentroinformativo.com.mx\/index.php?rest_route=%2Fwp%2Fv2%2Ftags&post=33031"}],"curies":[{"name":"wp","href":"https:\/\/api.w.org\/{rel}","templated":true}]}}