{"id":33037,"date":"2022-10-24T14:58:33","date_gmt":"2022-10-24T19:58:33","guid":{"rendered":"https:\/\/encuentroinformativo.com.mx\/?p=33037"},"modified":"2022-10-24T14:58:37","modified_gmt":"2022-10-24T19:58:37","slug":"lamentable-descalificacion-al-orfis-senala-auditora","status":"publish","type":"post","link":"https:\/\/encuentroinformativo.com.mx\/?p=33037","title":{"rendered":"Lamentable descalificaci\u00f3n al ORFIS, se\u00f1ala Auditora"},"content":{"rendered":"\n<p><strong>Dar\u00edo Pale <\/strong><\/p>\n\n\n\n<p>Xalapa, Ver.- Es muy lamentable que se descalifique p\u00fablicamente al \u00d3rgano de Fiscalizaci\u00f3n Superior (ORFIS), ya que los t\u00e9cnicos han hecho un trabajo profesional y escrupuloso, as\u00ed lo inform\u00f3 la titular de dicha dependencia Delia Gonz\u00e1lez Cobos, aclar\u00f3 que si quieren su renuncia que la llamen y lo dialogan.<\/p>\n\n\n\n<p>En entrevista posterior al izamiento de bandera respondi\u00f3 al presidente de la Junta de Coordinaci\u00f3n Pol\u00edtica que dichas dudas se pueden aclarar, &#8220;en ese sentido hemos estado siempre dispuestos, si me llaman, obviamente que yo asistir\u00e9 con much\u00edsimo gusto a dar las explicaciones&#8221;.<\/p>\n\n\n\n<p>&#8220;A m\u00ed como titular del \u00f3rgano de fiscalizaci\u00f3n me afecta profundamente, psicol\u00f3gica y moralmente me siento afectada&#8221;, afirm\u00f3 respecto a los se\u00f1alamientos que se han hecho desde el Congreso del Estado, sobre la Cuenta P\u00fablica 2021.<\/p>\n\n\n\n<p>&#8220;El \u00d3rgano de Fiscalizaci\u00f3n es un \u00f3rgano aut\u00f3nomo que tiene una tarea importante y adem\u00e1s es una tarea que se realiza por especialistas, es lamentable que se diga que el trabajo del ORFIS no sirve, me preocupa mucho esa situaci\u00f3n&#8221;, coment\u00f3.<\/p>\n\n\n\n<p>Esto luego de que el diputado Juan Javier G\u00f3mez Cazar\u00edn advirti\u00f3 que el Congreso del Estado \u00a0no estaba conforme con la Cuenta P\u00fablica 2021 que de nueva cuenta tuvo que revisarse.<\/p>\n\n\n\n<p>&#8220;No s\u00e9 qu\u00e9 le hayan dicho, no s\u00e9 porqu\u00e9 raz\u00f3n o a qu\u00e9 se refiere \u00e9l exactamente de que no atendimos algunas cosas, pero si pudi\u00e9ramos de manera conjunta ir analizando los puntos en los que ellos dicen que ellos dicen que hubo errores, se dar\u00eda cuenta de que no hay tales porque durante todos estos meses el personal del ORFIS estuvo atendiendo las tareas&#8221;, se\u00f1al\u00f3.<\/p>\n\n\n\n<p>&#8220;Hay una metodolog\u00eda que se sigue en los trabajos, el que se descalifique as\u00ed un trabajo de 9 meses, de 300 personas al menos, pues s\u00ed nos preocupa porque entonces quier decir que estamos trabajando equivocadamente, cuando no es cierto. Hemos estado atendiendo perfectamente&#8221;, agreg\u00f3.<\/p>\n\n\n\n<p>Remarc\u00f3 que durante todos estos meses, el personal del ORFIS estuvo atendiendo puntualmente las tareas, siguiendo la metodolog\u00eda en los trabajos, por lo que no existen los errores que han expresado.<\/p>\n\n\n\n<p>&#8220;Entonces el que se descalifique as\u00ed un trabajo de 9 meses, de 300 personas al menos, nos preocupa porque quiere decir que estamos trabajando equivocadamente cuando no es cierto, siento al diputado algunos entes fiscalizables que se sintieron aludidos es que haya habido algunas quejas, pero todo eso se puede aclarar en ning\u00fan momento hemos hecho se\u00f1alamientos denostativos hacia alguien&#8221;.<\/p>\n\n\n\n<p>Insisti\u00f3 en que la descalificaci\u00f3n que se ha hecho p\u00fablicamente, &#8220;yo siento que si quisieran mi renuncia ellos siendo pol\u00edticos, saben que el di\u00e1logo es lo que permea en estas circunstancias en lo pol\u00edtico; ser\u00eda muy f\u00e1cil que a m\u00ed me llamaran y me expusieran no queremos que est\u00e9s aqu\u00ed, por alguna raz\u00f3n, no me caes bien y lo platicamos&#8221;.<\/p>\n\n\n\n<p>Finalmente reiter\u00f3 que su trabajo es t\u00e9cnico y tiene 40 a\u00f1os de ejercicio profesional por lo que le sorprende que le digan que su trabajo no est\u00e1 bien hecho, adem\u00e1s de que nunca hab\u00eda recibido un menosprecio de este tipo.<\/p>\n","protected":false},"excerpt":{"rendered":"<p>Dar\u00edo Pale Xalapa, Ver.- Es muy lamentable que se descalifique p\u00fablicamente al \u00d3rgano de Fiscalizaci\u00f3n Superior (ORFIS), ya que los t\u00e9cnicos han hecho un trabajo profesional y escrupuloso, as\u00ed lo inform\u00f3 la titular de dicha dependencia Delia Gonz\u00e1lez Cobos, aclar\u00f3 que si quieren su renuncia que la llamen y lo dialogan. En entrevista posterior al [&hellip;]<\/p>\n","protected":false},"author":1,"featured_media":33038,"comment_status":"open","ping_status":"open","sticky":false,"template":"","format":"standard","meta":{"_jetpack_memberships_contains_paid_content":false,"footnotes":""},"categories":[2],"tags":[],"class_list":["post-33037","post","type-post","status-publish","format-standard","has-post-thumbnail","hentry","category-estado"],"jetpack_featured_media_url":"https:\/\/encuentroinformativo.com.mx\/wp-content\/uploads\/2022\/10\/F8C9838B-63BB-4D29-A423-40E953E14164.jpeg","jetpack_sharing_enabled":true,"jetpack_likes_enabled":true,"amp_enabled":true,"_links":{"self":[{"href":"https:\/\/encuentroinformativo.com.mx\/index.php?rest_route=\/wp\/v2\/posts\/33037","targetHints":{"allow":["GET"]}}],"collection":[{"href":"https:\/\/encuentroinformativo.com.mx\/index.php?rest_route=\/wp\/v2\/posts"}],"about":[{"href":"https:\/\/encuentroinformativo.com.mx\/index.php?rest_route=\/wp\/v2\/types\/post"}],"author":[{"embeddable":true,"href":"https:\/\/encuentroinformativo.com.mx\/index.php?rest_route=\/wp\/v2\/users\/1"}],"replies":[{"embeddable":true,"href":"https:\/\/encuentroinformativo.com.mx\/index.php?rest_route=%2Fwp%2Fv2%2Fcomments&post=33037"}],"version-history":[{"count":1,"href":"https:\/\/encuentroinformativo.com.mx\/index.php?rest_route=\/wp\/v2\/posts\/33037\/revisions"}],"predecessor-version":[{"id":33039,"href":"https:\/\/encuentroinformativo.com.mx\/index.php?rest_route=\/wp\/v2\/posts\/33037\/revisions\/33039"}],"wp:featuredmedia":[{"embeddable":true,"href":"https:\/\/encuentroinformativo.com.mx\/index.php?rest_route=\/wp\/v2\/media\/33038"}],"wp:attachment":[{"href":"https:\/\/encuentroinformativo.com.mx\/index.php?rest_route=%2Fwp%2Fv2%2Fmedia&parent=33037"}],"wp:term":[{"taxonomy":"category","embeddable":true,"href":"https:\/\/encuentroinformativo.com.mx\/index.php?rest_route=%2Fwp%2Fv2%2Fcategories&post=33037"},{"taxonomy":"post_tag","embeddable":true,"href":"https:\/\/encuentroinformativo.com.mx\/index.php?rest_route=%2Fwp%2Fv2%2Ftags&post=33037"}],"curies":[{"name":"wp","href":"https:\/\/api.w.org\/{rel}","templated":true}]}}