{"id":33040,"date":"2022-10-24T15:09:34","date_gmt":"2022-10-24T20:09:34","guid":{"rendered":"https:\/\/encuentroinformativo.com.mx\/?p=33040"},"modified":"2022-10-24T15:09:38","modified_gmt":"2022-10-24T20:09:38","slug":"estados-y-municipios-fallaron-en-seguridad-segob","status":"publish","type":"post","link":"https:\/\/encuentroinformativo.com.mx\/?p=33040","title":{"rendered":"Estados y municipios fallaron en seguridad: SEGOB"},"content":{"rendered":"\n<p><strong>Dar\u00edo Pale<\/strong><\/p>\n\n\n\n<p>Xalapa, Ver.- El pa\u00eds requiere que se siga construyendo paz y, sostuvo que se tiene todo para ganarle la batalla a la inseguridad, sobre todo cuando la estrategia de seguridad toma en cuenta el origen de la delincuencia, as\u00ed lo dio a conocer el secretario de Gobernaci\u00f3n, Ad\u00e1n Augusto L\u00f3pez Hern\u00e1ndez.<\/p>\n\n\n\n<p>Se\u00f1al\u00f3 que, se tiene todo para ganarle la batalla a la inseguridad, no se est\u00e1 militarizando al pa\u00eds, el Presidente es un civil y es el comandante supremo y reconoci\u00f3 que Estados y municipios han fallado en capacitar a las polic\u00edas y rendir informes.<\/p>\n\n\n\n<p>Al acudir al Congreso Local para presentar la minuta con proyecto de decreto por la cual se reforma el art\u00edculo 5to transitorio de la Constituci\u00f3n del decreto que dio origen a la Guardia Nacional; reconoci\u00f3 que han fallado, ya que los municipios y los estados no hicieron su tarea y dejaron toda la carga la dejaron a la Federaci\u00f3n.<\/p>\n\n\n\n<p>Record\u00f3 que antes la Constituci\u00f3n impon\u00eda la obligaci\u00f3n de que Estados y municipios presentaran un informe anual del estado que guardaba la seguridad p\u00fablica, pero revel\u00f3 que en los \u00faltimos a\u00f1os no se ha presentado ning\u00fan informe.<\/p>\n\n\n\n<p>Subray\u00f3 que lo que se busca es ampliar el plazo y la vigencia para que las fuerzas armadas presten tareas de seguridad p\u00fablica en todo el pa\u00eds.<\/p>\n\n\n\n<p>\u201cQue la Guardia Nacional est\u00e9 todos los d\u00edas reforzando las tareas de seguridad p\u00fablica&#8230; a Veracruz nunca se le va a regatear nada, es m\u00e1s, porque es autoridad emanada de un movimiento que llev\u00f3 al hoy presidente, sino por lo que representa Veracruz para el pa\u00eds. Hist\u00f3ricamente y en tiempos modernos, Veracruz es muchos <em>m\u00e9xicos<\/em>, en todo su territorio y el gobierno Federal siempre va a trabajar de la mano para que Veracruz est\u00e9 unido, para que siga siendo orgullo de todos&#8221;, asegur\u00f3.<\/p>\n\n\n\n<p>El secretario de Gobernaci\u00f3n expuso que adicionalmente al plazo de vigencia que deb\u00eda ser en marzo de 2024, ahora, por la reforma, vencer\u00e1 en marzo de 2028, &#8220;lo que da mayor certeza&#8221;.<\/p>\n\n\n\n<p>Destac\u00f3 que por primera vez se establecer\u00e1 en el decreto la manera en que van a participar las fuerzas armadas y que participar\u00e1n en tareas de seguridad p\u00fablica de manera \u00a0extraordinaria, de manera regulada, facultada y de manera subordinada y complementaria.<\/p>\n\n\n\n<p>&#8220;Y adiciona un p\u00e1rrafo, el m\u00e1s importante de la reforma: la fuerza armada permanente realizar\u00e1 las tareas de seguridad p\u00fablica con su organizaci\u00f3n y medios y, deber\u00e1 capacitarse en la doctrina policial civil establecida en el art\u00edculo 21 de la Constituci\u00f3n&#8221;, enfatiz\u00f3.<\/p>\n\n\n\n<p>Explic\u00f3 que es la m\u00e1s importante porque con ello se le da viabilidad constitucional a las fuerzas armadas permanentes en tareas de seguridad p\u00fablica.<\/p>\n\n\n\n<p>En la minuta tambi\u00e9n se adiciona un p\u00e1rrafo para garantizar el respeto a los derechos humanos, el respeto a las tradiciones de los pueblos originarios y comunidades ind\u00edgenas.<\/p>\n\n\n\n<p>L\u00f3pez Hern\u00e1ndez resalt\u00f3 que la reforma pone orden a la manera en que deben participar estados y municipios para que paulatinamente la Guardia Nacional, si los estados y municipios cumplen con lo que se\u00f1ala la Constituci\u00f3n, se pueda regresar a sus tareas propias.<\/p>\n\n\n\n<p>Fue ah\u00ed donde acus\u00f3 que al d\u00eda de hoy, hay estados y municipios que no cuentan con polic\u00eda municipal, por lo que de esa manera es inviable ganarle la batalla a la inseguridad y es por ello que, insisti\u00f3, es necesaria la presencia de las fuerzas armadas en las calles.<\/p>\n\n\n\n<p>Finalmente coment\u00f3 que, &#8220;no es que se est\u00e9 militarizado al pa\u00eds, por el contrario, est\u00e1 claramente establecido en la Constituci\u00f3n que el comandante supremo de las fuerzas armadas es un civil, es el Presidente, el tiene el mando supremo, ustedes que conocen al Presidente saben bien que nunca ordenar\u00eda o dar\u00eda la instrucci\u00f3n de reprimir al pueblo, ese es uno de los distintivos de Andr\u00e9s Manuel L\u00f3pez Obrador&#8221;.<\/p>\n","protected":false},"excerpt":{"rendered":"<p>Dar\u00edo Pale Xalapa, Ver.- El pa\u00eds requiere que se siga construyendo paz y, sostuvo que se tiene todo para ganarle la batalla a la inseguridad, sobre todo cuando la estrategia de seguridad toma en cuenta el origen de la delincuencia, as\u00ed lo dio a conocer el secretario de Gobernaci\u00f3n, Ad\u00e1n Augusto L\u00f3pez Hern\u00e1ndez. Se\u00f1al\u00f3 que, [&hellip;]<\/p>\n","protected":false},"author":1,"featured_media":33041,"comment_status":"open","ping_status":"open","sticky":false,"template":"","format":"standard","meta":{"_jetpack_memberships_contains_paid_content":false,"footnotes":""},"categories":[2,12],"tags":[],"class_list":["post-33040","post","type-post","status-publish","format-standard","has-post-thumbnail","hentry","category-estado","category-nacional"],"jetpack_featured_media_url":"https:\/\/encuentroinformativo.com.mx\/wp-content\/uploads\/2022\/10\/48DC0A75-56A0-4228-9A1F-59FDFD5FD459.jpeg","jetpack_sharing_enabled":true,"jetpack_likes_enabled":true,"amp_enabled":true,"_links":{"self":[{"href":"https:\/\/encuentroinformativo.com.mx\/index.php?rest_route=\/wp\/v2\/posts\/33040","targetHints":{"allow":["GET"]}}],"collection":[{"href":"https:\/\/encuentroinformativo.com.mx\/index.php?rest_route=\/wp\/v2\/posts"}],"about":[{"href":"https:\/\/encuentroinformativo.com.mx\/index.php?rest_route=\/wp\/v2\/types\/post"}],"author":[{"embeddable":true,"href":"https:\/\/encuentroinformativo.com.mx\/index.php?rest_route=\/wp\/v2\/users\/1"}],"replies":[{"embeddable":true,"href":"https:\/\/encuentroinformativo.com.mx\/index.php?rest_route=%2Fwp%2Fv2%2Fcomments&post=33040"}],"version-history":[{"count":1,"href":"https:\/\/encuentroinformativo.com.mx\/index.php?rest_route=\/wp\/v2\/posts\/33040\/revisions"}],"predecessor-version":[{"id":33042,"href":"https:\/\/encuentroinformativo.com.mx\/index.php?rest_route=\/wp\/v2\/posts\/33040\/revisions\/33042"}],"wp:featuredmedia":[{"embeddable":true,"href":"https:\/\/encuentroinformativo.com.mx\/index.php?rest_route=\/wp\/v2\/media\/33041"}],"wp:attachment":[{"href":"https:\/\/encuentroinformativo.com.mx\/index.php?rest_route=%2Fwp%2Fv2%2Fmedia&parent=33040"}],"wp:term":[{"taxonomy":"category","embeddable":true,"href":"https:\/\/encuentroinformativo.com.mx\/index.php?rest_route=%2Fwp%2Fv2%2Fcategories&post=33040"},{"taxonomy":"post_tag","embeddable":true,"href":"https:\/\/encuentroinformativo.com.mx\/index.php?rest_route=%2Fwp%2Fv2%2Ftags&post=33040"}],"curies":[{"name":"wp","href":"https:\/\/api.w.org\/{rel}","templated":true}]}}