{"id":33046,"date":"2022-10-24T22:32:46","date_gmt":"2022-10-25T03:32:46","guid":{"rendered":"https:\/\/encuentroinformativo.com.mx\/?p=33046"},"modified":"2022-10-24T22:32:58","modified_gmt":"2022-10-25T03:32:58","slug":"fieles-agradecen-a-san-rafael","status":"publish","type":"post","link":"https:\/\/encuentroinformativo.com.mx\/?p=33046","title":{"rendered":"Fieles agradecen a San Rafael"},"content":{"rendered":"\n<p><strong>Dar\u00edo Pale <\/strong><\/p>\n\n\n\n<p>Xalapa, Ver.- Como cada a\u00f1o la catedral metropolitana recibe miles de peregrinos que vienen a pedirle favores y a agradecer a San Rafael Gu\u00edzar y Valencia, por lo que la Arquidi\u00f3cesis de Xalapa est\u00e1 lista para recibirlos.<\/p>\n\n\n\n<p>Miles de peregrinos que visitaron la tumba de San Rafael Gu\u00edzar y Valencia este 24 de octubre en la Catedral Metropolitana de Xalapa, donde desde la noche del 23 o antes salen de diferentes municipios para llegar desde las primeras horas y durante todo el d\u00eda y festejar un a\u00f1o m\u00e1s de su canonizaci\u00f3n.<\/p>\n\n\n\n<p>Este a\u00f1o no hubo restricciones en las entradas como sucedi\u00f3 en a\u00f1os pasados debido a la pandemia, aunque s\u00ed solicitaron hacer uso del cubrebocas y del gel antibacterial.<\/p>\n\n\n\n<p>Para la fiesta en su honor, las actividades empiezan desde muy temprano a las 00:00 horas con las ma\u00f1anitas y a las 4:00 horas se hace la recepci\u00f3n de los Arcos Florales que se traen desde Teocelo y Piedra Parada.<\/p>\n\n\n\n<p>No tienen una estimaci\u00f3n de los fieles que visitar\u00e1n la tumba de San Rafael, aunque se espera que sean miles los que participen de esa fiesta.<\/p>\n\n\n\n<p>Aprovechan la ocasi\u00f3n la iglesia para recordarles que en los momentos dif\u00edciles se pida a Dios que crezca la fe: \u201cLa forma en c\u00f3mo \u00e9l llegaba a estos lugares, las necesidades que atend\u00eda y esto es muy importante porque por otra parte permitir\u00e1 resaltar las actividades de estas comunidades, ah\u00ed hay un trabajo conjunto entre diversos municipios para que cada uno pueda apoyar sobre todo a los peregrinos que podr\u00e1n visitar\u201d.<\/p>\n\n\n\n<p>Recordaron que San Rafael Gu\u00edzar y Valencia fue el V obispo de Veracruz, misionero incansable, ferviente devoto de la sagrada Eucarist\u00eda y de Mar\u00eda Sant\u00edsima, gran confesor, pastor cercano, famoso por mantener abierto su seminario en tiempos de la persecuci\u00f3n religiosa, un gigante de la caridad y modelo de virtudes cristianas, de acuerdo con la Arquidi\u00f3cesis de Xalapa.<\/p>\n\n\n\n<p>Monse\u00f1or Rafael Gu\u00edzar y Valencia naci\u00f3 en Cotija, Michoac\u00e1n el 26 de abril de 1878, a los 23 a\u00f1os fue ordenado sacerdote y fue misionero en diferentes partes de la Rep\u00fablica Mexicana y en el extranjero a donde tuvo que exiliarse debido a la persecuci\u00f3n religiosa.<\/p>\n\n\n\n<p>Finalmente cabe recordar que fue sepultado en el pante\u00f3n de \u201cCinco de Febrero\u201d de Xalapa y 12 a\u00f1os m\u00e1s tarde su cuerpo fue encontrado incorrupto y se le traslad\u00f3 a la catedral donde hoy se encuentra su tumba y a donde acuden miles de peregrinos principalmente los d\u00edas 23 y 24 de octubre.<\/p>\n\n\n\n<figure class=\"wp-block-image size-large\"><img loading=\"lazy\" decoding=\"async\" width=\"1024\" height=\"768\" src=\"https:\/\/encuentroinformativo.com.mx\/wp-content\/uploads\/2022\/10\/462D1C6C-7AED-4DFA-8BEB-B2B086757669-1024x768.jpeg\" alt=\"\" class=\"wp-image-33048\" srcset=\"https:\/\/encuentroinformativo.com.mx\/wp-content\/uploads\/2022\/10\/462D1C6C-7AED-4DFA-8BEB-B2B086757669-1024x768.jpeg 1024w, https:\/\/encuentroinformativo.com.mx\/wp-content\/uploads\/2022\/10\/462D1C6C-7AED-4DFA-8BEB-B2B086757669-300x225.jpeg 300w, https:\/\/encuentroinformativo.com.mx\/wp-content\/uploads\/2022\/10\/462D1C6C-7AED-4DFA-8BEB-B2B086757669-768x576.jpeg 768w, https:\/\/encuentroinformativo.com.mx\/wp-content\/uploads\/2022\/10\/462D1C6C-7AED-4DFA-8BEB-B2B086757669-1536x1152.jpeg 1536w, https:\/\/encuentroinformativo.com.mx\/wp-content\/uploads\/2022\/10\/462D1C6C-7AED-4DFA-8BEB-B2B086757669.jpeg 1600w\" sizes=\"auto, (max-width: 1024px) 100vw, 1024px\" \/><\/figure>\n","protected":false},"excerpt":{"rendered":"<p>Dar\u00edo Pale Xalapa, Ver.- Como cada a\u00f1o la catedral metropolitana recibe miles de peregrinos que vienen a pedirle favores y a agradecer a San Rafael Gu\u00edzar y Valencia, por lo que la Arquidi\u00f3cesis de Xalapa est\u00e1 lista para recibirlos. Miles de peregrinos que visitaron la tumba de San Rafael Gu\u00edzar y Valencia este 24 de [&hellip;]<\/p>\n","protected":false},"author":1,"featured_media":33047,"comment_status":"open","ping_status":"open","sticky":false,"template":"","format":"standard","meta":{"_jetpack_memberships_contains_paid_content":false,"footnotes":""},"categories":[3],"tags":[],"class_list":["post-33046","post","type-post","status-publish","format-standard","has-post-thumbnail","hentry","category-xalapa"],"jetpack_featured_media_url":"https:\/\/encuentroinformativo.com.mx\/wp-content\/uploads\/2022\/10\/0E8FB552-222F-4212-9782-17F68A86EA4A.jpeg","jetpack_sharing_enabled":true,"jetpack_likes_enabled":true,"amp_enabled":true,"_links":{"self":[{"href":"https:\/\/encuentroinformativo.com.mx\/index.php?rest_route=\/wp\/v2\/posts\/33046","targetHints":{"allow":["GET"]}}],"collection":[{"href":"https:\/\/encuentroinformativo.com.mx\/index.php?rest_route=\/wp\/v2\/posts"}],"about":[{"href":"https:\/\/encuentroinformativo.com.mx\/index.php?rest_route=\/wp\/v2\/types\/post"}],"author":[{"embeddable":true,"href":"https:\/\/encuentroinformativo.com.mx\/index.php?rest_route=\/wp\/v2\/users\/1"}],"replies":[{"embeddable":true,"href":"https:\/\/encuentroinformativo.com.mx\/index.php?rest_route=%2Fwp%2Fv2%2Fcomments&post=33046"}],"version-history":[{"count":1,"href":"https:\/\/encuentroinformativo.com.mx\/index.php?rest_route=\/wp\/v2\/posts\/33046\/revisions"}],"predecessor-version":[{"id":33049,"href":"https:\/\/encuentroinformativo.com.mx\/index.php?rest_route=\/wp\/v2\/posts\/33046\/revisions\/33049"}],"wp:featuredmedia":[{"embeddable":true,"href":"https:\/\/encuentroinformativo.com.mx\/index.php?rest_route=\/wp\/v2\/media\/33047"}],"wp:attachment":[{"href":"https:\/\/encuentroinformativo.com.mx\/index.php?rest_route=%2Fwp%2Fv2%2Fmedia&parent=33046"}],"wp:term":[{"taxonomy":"category","embeddable":true,"href":"https:\/\/encuentroinformativo.com.mx\/index.php?rest_route=%2Fwp%2Fv2%2Fcategories&post=33046"},{"taxonomy":"post_tag","embeddable":true,"href":"https:\/\/encuentroinformativo.com.mx\/index.php?rest_route=%2Fwp%2Fv2%2Ftags&post=33046"}],"curies":[{"name":"wp","href":"https:\/\/api.w.org\/{rel}","templated":true}]}}