{"id":33055,"date":"2022-10-24T23:09:31","date_gmt":"2022-10-25T04:09:31","guid":{"rendered":"https:\/\/encuentroinformativo.com.mx\/?p=33055"},"modified":"2022-10-24T23:09:35","modified_gmt":"2022-10-25T04:09:35","slug":"avala-congreso-de-veracruz-permanencia-de-ejercito-en-las-calles-hasta-2028","status":"publish","type":"post","link":"https:\/\/encuentroinformativo.com.mx\/?p=33055","title":{"rendered":"Avala Congreso de Veracruz permanencia de Ej\u00e9rcito en las calles hasta 2028"},"content":{"rendered":"\n<p><strong>Juan Arcos<\/strong><\/p>\n\n\n\n<p>Xalapa, Ver.- Con 38 votos a favor, nueve en contra y una abstenci\u00f3n, el pleno del Congreso de Veracruz aval\u00f3 la permanencia de la Guardia Nacional en labores de seguridad p\u00fablica hasta marzo de 2028.<\/p>\n\n\n\n<p>Luego de la visita del secretario de Gobernaci\u00f3n, Ad\u00e1n Augusto L\u00f3pez Hern\u00e1ndez, las diputadas y diputados locales aprobaron la minuta que reforma el Art\u00edculo Quinto Transitorio del \u201cDecreto por el que se reforman, adicionan y derogan diversas disposiciones de la Constituci\u00f3n Pol\u00edtica de los Estados Unidos Mexicanos, en materia de Guardia Nacional\u201d.<\/p>\n\n\n\n<p>Se trata del decimoprimero estado de la Rep\u00fablica Mexicana que ratifica esta modificaci\u00f3n legislativa. Se requiere el aval de 17 legislaturas estatales para que se concrete la reforma constitucional.<\/p>\n\n\n\n<p>La iniciativa determina que la Fuerza Armada realizar\u00e1 las tareas de seguridad p\u00fablica con su organizaci\u00f3n y medios, y que deber\u00e1 capacitarse en la doctrina policial civil establecida en el Art\u00edculo 21 de la Constituci\u00f3n.<\/p>\n\n\n\n<p>Tambi\u00e9n se contempla que el Poder Ejecutivo federal presente al Congreso de la Uni\u00f3n un informe semestral proporcionando los indicadores cuantificables y verificables, que permitan evaluar los resultados obtenidos en el periodo reportado en la materia mencionada.<\/p>\n\n\n\n<p>Para el ejercicio fiscal 2023, el Ejecutivo Federal establecer\u00e1 un fondo permanente de apoyo a las entidades federativas y municipios destinado al fortalecimiento de sus instituciones de seguridad p\u00fablica.<\/p>\n\n\n\n<p>Adem\u00e1s de los recursos federales, las entidades federativas deber\u00e1n establecer anualmente un fondo de apoyo a las instituciones de seguridad p\u00fablica de los municipios, sobre todo aquellos con menor poblaci\u00f3n o mayor grado de marginaci\u00f3n.<\/p>\n\n\n\n<p>El presidente de la Junta de Coordinaci\u00f3n Pol\u00edtica (Jucopo) de la LXVI Legislatura de Veracruz, diputado Juan Javier G\u00f3mez Cazar\u00edn, se\u00f1al\u00f3 que con la Guardia Nacional hay una grata experiencia de trabajo, pues con su labor en las calles y comunidades, Veracruz, bajo el liderazgo del gobernador Cuitl\u00e1huac Garc\u00eda Jim\u00e9nez, pas\u00f3 de ser un estado peligroso en 2018 a estar entre los diez m\u00e1s seguros del pa\u00eds.<\/p>\n\n\n\n<p>El Legislador morenista dijo que Veracruz es un ejemplo del acompa\u00f1amiento efectivo de dicha corporaci\u00f3n federal en la construcci\u00f3n de la paz.<\/p>\n\n\n\n<p>\u201cQuienes dicen que ser\u00e1 una militarizaci\u00f3n olvidan que se trata de un transitorio y que, por lo mismo, es una situaci\u00f3n temporal, pero sobre todo, necesaria\u201d, enfatiz\u00f3.<\/p>\n\n\n\n<p>Durante la noche de este lunes 24 de octubre, el Congreso de Veracruz aprob\u00f3 por unanimidad la minuta, convirti\u00e9ndose en la onceava entidad en avalar la propuesta.\u00a0<\/p>\n","protected":false},"excerpt":{"rendered":"<p>Juan Arcos Xalapa, Ver.- Con 38 votos a favor, nueve en contra y una abstenci\u00f3n, el pleno del Congreso de Veracruz aval\u00f3 la permanencia de la Guardia Nacional en labores de seguridad p\u00fablica hasta marzo de 2028. Luego de la visita del secretario de Gobernaci\u00f3n, Ad\u00e1n Augusto L\u00f3pez Hern\u00e1ndez, las diputadas y diputados locales aprobaron [&hellip;]<\/p>\n","protected":false},"author":1,"featured_media":33056,"comment_status":"open","ping_status":"open","sticky":false,"template":"","format":"standard","meta":{"_jetpack_memberships_contains_paid_content":false,"footnotes":""},"categories":[2],"tags":[],"class_list":["post-33055","post","type-post","status-publish","format-standard","has-post-thumbnail","hentry","category-estado"],"jetpack_featured_media_url":"https:\/\/encuentroinformativo.com.mx\/wp-content\/uploads\/2022\/10\/7B9127E3-E1F9-4F30-B2E5-CA1E0479840B.jpeg","jetpack_sharing_enabled":true,"jetpack_likes_enabled":true,"amp_enabled":true,"_links":{"self":[{"href":"https:\/\/encuentroinformativo.com.mx\/index.php?rest_route=\/wp\/v2\/posts\/33055","targetHints":{"allow":["GET"]}}],"collection":[{"href":"https:\/\/encuentroinformativo.com.mx\/index.php?rest_route=\/wp\/v2\/posts"}],"about":[{"href":"https:\/\/encuentroinformativo.com.mx\/index.php?rest_route=\/wp\/v2\/types\/post"}],"author":[{"embeddable":true,"href":"https:\/\/encuentroinformativo.com.mx\/index.php?rest_route=\/wp\/v2\/users\/1"}],"replies":[{"embeddable":true,"href":"https:\/\/encuentroinformativo.com.mx\/index.php?rest_route=%2Fwp%2Fv2%2Fcomments&post=33055"}],"version-history":[{"count":1,"href":"https:\/\/encuentroinformativo.com.mx\/index.php?rest_route=\/wp\/v2\/posts\/33055\/revisions"}],"predecessor-version":[{"id":33057,"href":"https:\/\/encuentroinformativo.com.mx\/index.php?rest_route=\/wp\/v2\/posts\/33055\/revisions\/33057"}],"wp:featuredmedia":[{"embeddable":true,"href":"https:\/\/encuentroinformativo.com.mx\/index.php?rest_route=\/wp\/v2\/media\/33056"}],"wp:attachment":[{"href":"https:\/\/encuentroinformativo.com.mx\/index.php?rest_route=%2Fwp%2Fv2%2Fmedia&parent=33055"}],"wp:term":[{"taxonomy":"category","embeddable":true,"href":"https:\/\/encuentroinformativo.com.mx\/index.php?rest_route=%2Fwp%2Fv2%2Fcategories&post=33055"},{"taxonomy":"post_tag","embeddable":true,"href":"https:\/\/encuentroinformativo.com.mx\/index.php?rest_route=%2Fwp%2Fv2%2Ftags&post=33055"}],"curies":[{"name":"wp","href":"https:\/\/api.w.org\/{rel}","templated":true}]}}