{"id":33060,"date":"2022-10-25T10:01:48","date_gmt":"2022-10-25T15:01:48","guid":{"rendered":"https:\/\/encuentroinformativo.com.mx\/?p=33060"},"modified":"2022-10-25T10:01:52","modified_gmt":"2022-10-25T15:01:52","slug":"siempre-peligroso-el-tramo-cosamaloapan-acayucan","status":"publish","type":"post","link":"https:\/\/encuentroinformativo.com.mx\/?p=33060","title":{"rendered":"SIEMPRE PELIGROSO, EL TRAMO COSAMALOAPAN-ACAYUCAN"},"content":{"rendered":"\n<p><strong>ColumnaSinNombre<br>@pablojair<\/strong><\/p>\n\n\n\n<ul class=\"wp-block-list\"><li>Rechaza Congreso informe del ORFIS.<\/li><li>Presentan a los Halcones Rojos.<\/li><li>Desaparece el TEJAV. Se est\u00e1 convirtiendo en foco rojo de seguridad el sur. Al tiempo.<br>\u2014Chopenjawer<\/li><\/ul>\n\n\n\n<p>Desde que nos cambiamos de residencia a Xalapa hace casi 20 a\u00f1os, siempre escucho la recomendaci\u00f3n de tener mucho cuidado al viajar por la autopista La Tinaja-Cosoleacaque, especialmente el tramo comprendido entre Acayucan y Cosamaloapan.<\/p>\n\n\n\n<p>En esos viajes constantes entre el sur y la capital veracruzana, en alguna ocasi\u00f3n nos quedamos tirados en la autopista por un problema mec\u00e1nico, acudiendo una de las gr\u00faas gratuitas que ofrecen las casetas \u2014si no mal recuerdo, fue la de Cosamaloapan\u2014 y el propio chofer de la unidad nos dijo: \u201cEsta zona es muy peligrosa para quedarse botado por la tarde y noche; tengan cuidado\u201d.<\/p>\n\n\n\n<p>Ah\u00ed, en tiempos de la violencia \u00e1lgida durante el Fidelato, por la madrugada (viajando con el patroncito V\u00e1zquez Chagoya y su chofer; si no mal recuerdo, en 2005) nos toc\u00f3 un ret\u00e9n de la delincuencia organizada, justo a la altura de Isla: los individuos portaban armas largas, encapuchados, con tambos incendiados a manera de una iluminaci\u00f3n muy rupestre, con las siglas pintadas de la extinta PGR. Eran como las 11 de la noche\u2026<\/p>\n\n\n\n<p>\u2014\u00bfPara d\u00f3nde van?<br>\u2014Para Xalapa<br>\u2014Ah, \u00bfUstedes son periodistas?<\/p>\n\n\n\n<p>Qui\u00e9n sabe c\u00f3mo chingao lo dedujo, pero por si las moscas dijimos que s\u00ed\u2026<\/p>\n\n\n\n<p>\u2014Sale, sigan adelante, con cuidado\u2026<\/p>\n\n\n\n<p>En los consejos de amigos polic\u00edas estatales o ex federales de caminos, siempre prevaleci\u00f3 la recomendaci\u00f3n de viajar de d\u00eda, pasando temprano o con la luz de sol la zona peligrosa comprendida entre las casetas de Acayucan y Cosamaloapan. A mis familiares y amigos igual recomiendo lo anterior: no pasen de noche o madrugada ese tramo tan peligroso, ni siquiera en el ADO; menos si son mujeres solas.<\/p>\n\n\n\n<p>Mire, no es por hacer apolog\u00eda de la violencia o por exagerar las cosas, pero esa regi\u00f3n todo mundo sabe que es peligrosa para viajar. Prevalece una narcocultura mezclada con la actividad ganadera y otros grupos de poder que manejan mucho dinero en la zona sur. No todos son malos, pero s\u00ed hay gente que ya cruz\u00f3 ese l\u00edmite a lo ilegal.<\/p>\n\n\n\n<p>Tambi\u00e9n debe tomarse en cuenta que es una zona geogr\u00e1ficamente estrat\u00e9gica (por algo llaman \u201cLa Llave del Sureste\u201d a Acayucan) pues aqu\u00ed se conecta a Oaxaca, al extremo sur de Veracruz por el Uxpanapa (que tambi\u00e9n colinda con Chiapas); la propia autopista tiene dos salidas de carretera que conectan con Ciudad Isla y los Tuxtlas.<\/p>\n\n\n\n<p>Si bien Veracruz ya no vive esos tiempos \u00e1lgidos de violencia tan marcados en el priato, este fin de semana hubo una muy lamentable noticia: el asesinato de una maestra en la autopista La Tinaja-Cosoleacaque, justo en el tramo Acayucan-Cosamaloapan, cuando viajaba desde Agua Dulce a Xalapa junto a dos se\u00f1oras de la tercera edad.<\/p>\n\n\n\n<p>Lo peor: fue atacada en pleno d\u00eda y a pocos kil\u00f3metros de la caseta de Acayucan.<\/p>\n\n\n\n<p>En teor\u00eda, esa zona deber\u00eda ser segura porque en las casetas hay elementos del Ej\u00e9rcito, Guardia Nacional, a veces la Polic\u00eda Estatal (aunque no es su jurisdicci\u00f3n) y hasta los de Migraci\u00f3n, quienes se enfocan principalmente en tareas de vigilancia por el paso de migrantes y contrabando de todo tipo.<\/p>\n\n\n\n<p>Es de lamentarse el asesinato porque, insisto, es una de las v\u00edas supuestamente m\u00e1s vigiladas.<\/p>\n\n\n\n<p>Ahora esas casetas se ven m\u00e1s saturadas y lentas para pasar, ya sea porque siempre hay obras de reparaci\u00f3n o simplemente se atasca de veh\u00edculos, lo que tambi\u00e9n es un riesgo para los automovilistas que podr\u00edan ser asaltados por la lentitud del tr\u00e1fico.<\/p>\n\n\n\n<p>No es de ahorita, porque desde hace varios a\u00f1os \u2014antes de que llegaron los actuales \u201cgenios\u201d navales de Seguridad P\u00fablica\u2014 ya se hac\u00edan operativos para detener a asaltantes que regularmente eran de poblados cercanos a las casetas, mismos que usted puede ver traslad\u00e1ndose en unidades viejas o motocicletas tipo tortilleras; muchos eran simples malandrines que trabajaban en ranchos cercanos o incluso lleg\u00f3 a haber pistoleros del extinto cacique Cirilo V\u00e1zquez Lagunes que de la nada pon\u00edan retenes para cobrar \u201ccuota de paso\u201d.<\/p>\n\n\n\n<p>Si bien el asunto deber\u00eda ser de la mera jurisdicci\u00f3n federal, Gobierno del Estado tampoco deber\u00eda dejar esta tarea solamente a las fuerzas armadas o la Guardia Nacional, pues los malandros no viven en la autopista, sino en poblados cercanos a \u00e9sta, llegando a trav\u00e9s de veredas que s\u00f3lo ellos conocen (regularmente, caminos ca\u00f1eros).<\/p>\n\n\n\n<p>Lo que s\u00ed es evidente es que la Guardia Nacional deber\u00eda recuperar los recorridos que hac\u00eda la extinta Polic\u00eda Federal de Caminos o por lo menos poner retenes m\u00f3viles en esa parte tan peligrosa. En tiempos de Fernando Guti\u00e9rrez Barrios, por ejemplo, se coordinaban grupos integrados por militares, navales y polic\u00edas federales y estatales para \u2014en convoy\u2014 realizar operativos sorpresa en la carretera.<\/p>\n\n\n\n<p>Se dice que en esta semana habr\u00e1 informes sobre el caso de la maestra asesinada, y ojal\u00e1 sean buenas noticias de por lo menos tener identificados a los asesinos o su detenci\u00f3n. Que as\u00ed sea.<\/p>\n\n\n\n<p>Mientras tanto, en Minatitl\u00e1n (por donde tambi\u00e9n pasa esa autopista) se han estado suscitando una oleada severa de violencia en las \u00faltimas horas: balacera a un negocio, ejecuci\u00f3n de un taxista y anoche asalto a un hotel.<\/p>\n\n\n\n<p>La que parece que necesita otro jal\u00f3n de orejas desde Palacio Nacional es la alcaldesa Carmen Medel, m\u00e1s metida en rollos de la comunidad LGBTTI que en verdaderos problemas que incumben a todo el municipio.<\/p>\n\n\n\n<p><strong>NOTA PARA PEGAR EN EL REFRI: <\/strong>El Pleno de la LXVI Legislatura determin\u00f3 no aprobar los Informes Individuales y el Informe General Ejecutivo de los entes fiscalizables, de la Cuenta P\u00fablica 2021, presentados a este Congreso el pasado 30 de septiembre por el \u00d3rgano de Fiscalizaci\u00f3n Superior del estado (Orfis), en raz\u00f3n de que no existen elementos suficientes para tal efecto\u2026 De acuerdo con el dictamen -aprobado con 45 votos y una abstenci\u00f3n- se ordena al Orfis que, en un plazo no mayor a 90 d\u00edas naturales, efect\u00fae una nueva valoraci\u00f3n, en coordinaci\u00f3n con la Comisi\u00f3n Permanente de Vigilancia, sobre las aclaraciones y de la documentaci\u00f3n justificatoria y comprobatoria presentadas por los entes fiscalizables en relaci\u00f3n con los pliegos de observaciones resultantes del Procedimiento de Fiscalizaci\u00f3n Superior a las Cuentas P\u00fablicas 2021.<\/p>\n\n\n\n<p><strong>OTRA NOTA: <\/strong>Que este mi\u00e9rcoles se presentar\u00e1 oficialmente a la directiva que encabezar\u00e1 a los Halcones Rojos de Veracruz, el equipo de basquetbol profesional que, seg\u00fan se sabe, viene desde Qu\u00e9retaro, donde ten\u00edan el nombre de \u201cLibertadores\u201d.<\/p>\n\n\n\n<p><strong>LA \u00daLTIMA PORQUE SERIES PENDIENTES: <\/strong>Con 42 votos a favor, siete en contra y una abstenci\u00f3n, el Pleno de la LXVI Legislatura aprob\u00f3 la extinci\u00f3n del Tribunal Estatal de Justicia Administrativa (Tejav) y la creaci\u00f3n del Tribunal de Justicia Administrativa del Estado de Veracruz (Trijaev)\u2026 Durante la Octava Sesi\u00f3n Extraordinaria, celebrada este d\u00eda, se llev\u00f3 a cabo la votaci\u00f3n del dictamen suscrito por la Comisi\u00f3n Permanente de Justicia y Puntos Constitucionales, derivado de la Iniciativa con Proyecto de Decreto por el que se reforma la fracci\u00f3n VI del Art\u00edculo 67 de la Constituci\u00f3n Pol\u00edtica del estado, presentada por el diputado Juan Javier G\u00f3mez Cazar\u00edn.<\/p>\n","protected":false},"excerpt":{"rendered":"<p>ColumnaSinNombre@pablojair Rechaza Congreso informe del ORFIS. Presentan a los Halcones Rojos. Desaparece el TEJAV. Se est\u00e1 convirtiendo en foco rojo de seguridad el sur. Al tiempo.\u2014Chopenjawer Desde que nos cambiamos de residencia a Xalapa hace casi 20 a\u00f1os, siempre escucho la recomendaci\u00f3n de tener mucho cuidado al viajar por la autopista La Tinaja-Cosoleacaque, especialmente el [&hellip;]<\/p>\n","protected":false},"author":1,"featured_media":488,"comment_status":"open","ping_status":"open","sticky":false,"template":"","format":"standard","meta":{"_jetpack_memberships_contains_paid_content":false,"footnotes":""},"categories":[11],"tags":[],"class_list":["post-33060","post","type-post","status-publish","format-standard","has-post-thumbnail","hentry","category-opinion"],"jetpack_featured_media_url":"https:\/\/encuentroinformativo.com.mx\/wp-content\/uploads\/2020\/03\/F471F608-BA1A-416B-BA7B-BCFB24F4E6D0.jpeg","jetpack_sharing_enabled":true,"jetpack_likes_enabled":true,"amp_enabled":true,"_links":{"self":[{"href":"https:\/\/encuentroinformativo.com.mx\/index.php?rest_route=\/wp\/v2\/posts\/33060","targetHints":{"allow":["GET"]}}],"collection":[{"href":"https:\/\/encuentroinformativo.com.mx\/index.php?rest_route=\/wp\/v2\/posts"}],"about":[{"href":"https:\/\/encuentroinformativo.com.mx\/index.php?rest_route=\/wp\/v2\/types\/post"}],"author":[{"embeddable":true,"href":"https:\/\/encuentroinformativo.com.mx\/index.php?rest_route=\/wp\/v2\/users\/1"}],"replies":[{"embeddable":true,"href":"https:\/\/encuentroinformativo.com.mx\/index.php?rest_route=%2Fwp%2Fv2%2Fcomments&post=33060"}],"version-history":[{"count":1,"href":"https:\/\/encuentroinformativo.com.mx\/index.php?rest_route=\/wp\/v2\/posts\/33060\/revisions"}],"predecessor-version":[{"id":33061,"href":"https:\/\/encuentroinformativo.com.mx\/index.php?rest_route=\/wp\/v2\/posts\/33060\/revisions\/33061"}],"wp:featuredmedia":[{"embeddable":true,"href":"https:\/\/encuentroinformativo.com.mx\/index.php?rest_route=\/wp\/v2\/media\/488"}],"wp:attachment":[{"href":"https:\/\/encuentroinformativo.com.mx\/index.php?rest_route=%2Fwp%2Fv2%2Fmedia&parent=33060"}],"wp:term":[{"taxonomy":"category","embeddable":true,"href":"https:\/\/encuentroinformativo.com.mx\/index.php?rest_route=%2Fwp%2Fv2%2Fcategories&post=33060"},{"taxonomy":"post_tag","embeddable":true,"href":"https:\/\/encuentroinformativo.com.mx\/index.php?rest_route=%2Fwp%2Fv2%2Ftags&post=33060"}],"curies":[{"name":"wp","href":"https:\/\/api.w.org\/{rel}","templated":true}]}}