{"id":33072,"date":"2022-10-25T12:23:40","date_gmt":"2022-10-25T17:23:40","guid":{"rendered":"https:\/\/encuentroinformativo.com.mx\/?p=33072"},"modified":"2022-10-25T12:23:43","modified_gmt":"2022-10-25T17:23:43","slug":"confia-sectur-en-derrama-economica-por-festival-internacional-xalapa","status":"publish","type":"post","link":"https:\/\/encuentroinformativo.com.mx\/?p=33072","title":{"rendered":"Conf\u00eda Sectur en derrama econ\u00f3mica por Festival Internacional Xalapa"},"content":{"rendered":"\n<p><strong>Juan Arcos <\/strong><\/p>\n\n\n\n<p>Xalapa, Ver.- Una derrama econ\u00f3mica de cinco millones de pesos espera la Secretar\u00eda de Turismo y Cultura (Sectur) durante la segunda edici\u00f3n del Festival Internacional Xalapa y su Cultura que se llevar\u00e1 a cabo del 24 al 27 de noviembre.<\/p>\n\n\n\n<p>As\u00ed lo dio a conocer el titular de Sectur, Iv\u00e1n Francisco Mart\u00ednez Olvera, quien a\u00f1adi\u00f3 que habr\u00e1 m\u00e1s de 130 actividades culturales, como conferencias, exposiciones, talleres, cine, m\u00fasica, teatro, danza y literatura, por mencionar algunas.<\/p>\n\n\n\n<p>En conferencia de prensa, realizada en la Galer\u00eda de Arte Contempor\u00e1neo de Xalapa, el funcionario estatal record\u00f3 que en la edici\u00f3n pasada hubo m\u00e1s de 60 eventos en m\u00e1s de 20 recintos y se alcanzaron m\u00e1s de 55 millones de impactos visuales, lo que es significativo para posicionar la marca tur\u00edstica.<\/p>\n\n\n\n<p>\u201cEn este a\u00f1o se suman a este gran festival el festival Mictl\u00e1n, que se llevar\u00e1 a cabo a principios de mes y el festival internacional del cartel en M\u00e9xico, que si bien son a inicia de noviembre se suman y tendr\u00e1n participaciones especiales durante las fechas del festival para enaltecer la cultura con la que cuenta la capital de nuestro estado\u201d, expres\u00f3.<\/p>\n\n\n\n<p>El concierto inaugural ser\u00e1 en el parque Ju\u00e1rez encabezado por \u201cLos Choclok\u201d, una banda originaria de Cosoleacaque en el sur de Veracruz.<\/p>\n\n\n\n<p>Adem\u00e1s, habr\u00e1 participantes invitados de Per\u00fa, Jap\u00f3n y Argentina, con actividades en todos los recintos culturales que hay en la capital del estado, no solo en los que se encuentran en el centro hist\u00f3rico.<\/p>\n\n\n\n<p>\u201cEstamos buscando m\u00e1s de 100 millones de impactos visuales para seguir posicionando la marca tur\u00edstica del estado, la capital y el festival internacional de Xalapa y su cultura\u201d, a\u00f1adi\u00f3.<\/p>\n\n\n\n<p>En breve entrevista, Mart\u00ednez Olvera indic\u00f3 que tambi\u00e9n se da impulso Expo Turismo 2022, que se llevar\u00e1 a cabo del 15 al 17 de noviembre y tendr\u00e1 lugar en las instalaciones del World Trade Center, municipio de Boca del R\u00edo.<\/p>\n\n\n\n<p>El Secretario de Turismo previ\u00f3 una importante derrama econ\u00f3mica en el estado, durante los d\u00edas de asueto de D\u00eda de Muertos y Todos Santos.<\/p>\n","protected":false},"excerpt":{"rendered":"<p>Juan Arcos Xalapa, Ver.- Una derrama econ\u00f3mica de cinco millones de pesos espera la Secretar\u00eda de Turismo y Cultura (Sectur) durante la segunda edici\u00f3n del Festival Internacional Xalapa y su Cultura que se llevar\u00e1 a cabo del 24 al 27 de noviembre. As\u00ed lo dio a conocer el titular de Sectur, Iv\u00e1n Francisco Mart\u00ednez Olvera, [&hellip;]<\/p>\n","protected":false},"author":1,"featured_media":33073,"comment_status":"open","ping_status":"open","sticky":false,"template":"","format":"standard","meta":{"_jetpack_memberships_contains_paid_content":false,"footnotes":""},"categories":[3],"tags":[],"class_list":["post-33072","post","type-post","status-publish","format-standard","has-post-thumbnail","hentry","category-xalapa"],"jetpack_featured_media_url":"https:\/\/encuentroinformativo.com.mx\/wp-content\/uploads\/2022\/10\/268AEFEA-14CB-4CC0-AD78-7C5A2A708B40.jpeg","jetpack_sharing_enabled":true,"jetpack_likes_enabled":true,"amp_enabled":true,"_links":{"self":[{"href":"https:\/\/encuentroinformativo.com.mx\/index.php?rest_route=\/wp\/v2\/posts\/33072","targetHints":{"allow":["GET"]}}],"collection":[{"href":"https:\/\/encuentroinformativo.com.mx\/index.php?rest_route=\/wp\/v2\/posts"}],"about":[{"href":"https:\/\/encuentroinformativo.com.mx\/index.php?rest_route=\/wp\/v2\/types\/post"}],"author":[{"embeddable":true,"href":"https:\/\/encuentroinformativo.com.mx\/index.php?rest_route=\/wp\/v2\/users\/1"}],"replies":[{"embeddable":true,"href":"https:\/\/encuentroinformativo.com.mx\/index.php?rest_route=%2Fwp%2Fv2%2Fcomments&post=33072"}],"version-history":[{"count":1,"href":"https:\/\/encuentroinformativo.com.mx\/index.php?rest_route=\/wp\/v2\/posts\/33072\/revisions"}],"predecessor-version":[{"id":33074,"href":"https:\/\/encuentroinformativo.com.mx\/index.php?rest_route=\/wp\/v2\/posts\/33072\/revisions\/33074"}],"wp:featuredmedia":[{"embeddable":true,"href":"https:\/\/encuentroinformativo.com.mx\/index.php?rest_route=\/wp\/v2\/media\/33073"}],"wp:attachment":[{"href":"https:\/\/encuentroinformativo.com.mx\/index.php?rest_route=%2Fwp%2Fv2%2Fmedia&parent=33072"}],"wp:term":[{"taxonomy":"category","embeddable":true,"href":"https:\/\/encuentroinformativo.com.mx\/index.php?rest_route=%2Fwp%2Fv2%2Fcategories&post=33072"},{"taxonomy":"post_tag","embeddable":true,"href":"https:\/\/encuentroinformativo.com.mx\/index.php?rest_route=%2Fwp%2Fv2%2Ftags&post=33072"}],"curies":[{"name":"wp","href":"https:\/\/api.w.org\/{rel}","templated":true}]}}