{"id":33075,"date":"2022-10-25T12:49:29","date_gmt":"2022-10-25T17:49:29","guid":{"rendered":"https:\/\/encuentroinformativo.com.mx\/?p=33075"},"modified":"2022-10-25T12:49:33","modified_gmt":"2022-10-25T17:49:33","slug":"promueven-concurso-de-disfraces-por-dia-de-muertos","status":"publish","type":"post","link":"https:\/\/encuentroinformativo.com.mx\/?p=33075","title":{"rendered":"Promueven concurso de disfraces por D\u00eda de Muertos"},"content":{"rendered":"\n<p><strong>Alejandro \u00c1vila<\/strong><\/p>\n\n\n\n<p>Veracruz, Ver.- Una bolsa de 20 mil pesos ser\u00e1 la que se reparta en el Critical Mass de &#8220;D\u00eda de Muertos&#8221;, mismo que se llevar\u00e1 a cabo el pr\u00f3ximo viernes 28 de octubre a las 20 horas en la Macroplaza del Malec\u00f3n.<\/p>\n\n\n\n<p>El director de Fomento Deportivo, Jos\u00e9 Antonio Salvatori Arjona detall\u00f3 que, se esperan m\u00e1s de 800 personas para recorrer en bicicleta el bulevar &#8220;Manuel \u00c1vila Camacho&#8221;, al t\u00e9rmino del evento se realizar\u00e1 el concurso de disfraces, donde se premiar\u00e1 a los mejores caracterizados de personajes de Halloween o D\u00eda de Muertos.<\/p>\n\n\n\n<p>&#8220;Terminando el paseo se va a calificar los mejores disfrazados, habr\u00e1 un jurado y habr\u00e1 una bolsa a repartir de 20 mil pesos en premios, para primero, segundo y tercer lugar, en las categor\u00edas varonil y femenil&#8221;, destac\u00f3.<\/p>\n\n\n\n<p>Cabe mencionar que, aproximadamente a las 18 horas del viernes 28 de octubre se cerrar\u00e1 la circulaci\u00f3n en el bulevar &#8220;Manuel \u00c1vila Camacho&#8221;, para que las familias pueden acudir con sus hijos a disfrutar de la rodada de D\u00eda de Muertos.<\/p>\n","protected":false},"excerpt":{"rendered":"<p>Alejandro \u00c1vila Veracruz, Ver.- Una bolsa de 20 mil pesos ser\u00e1 la que se reparta en el Critical Mass de &#8220;D\u00eda de Muertos&#8221;, mismo que se llevar\u00e1 a cabo el pr\u00f3ximo viernes 28 de octubre a las 20 horas en la Macroplaza del Malec\u00f3n. El director de Fomento Deportivo, Jos\u00e9 Antonio Salvatori Arjona detall\u00f3 que, [&hellip;]<\/p>\n","protected":false},"author":1,"featured_media":33076,"comment_status":"open","ping_status":"open","sticky":false,"template":"","format":"standard","meta":{"_jetpack_memberships_contains_paid_content":false,"footnotes":""},"categories":[2],"tags":[],"class_list":["post-33075","post","type-post","status-publish","format-standard","has-post-thumbnail","hentry","category-estado"],"jetpack_featured_media_url":"https:\/\/encuentroinformativo.com.mx\/wp-content\/uploads\/2022\/10\/163DA468-01E6-4597-918D-A6575B7CCDAB.jpeg","jetpack_sharing_enabled":true,"jetpack_likes_enabled":true,"amp_enabled":true,"_links":{"self":[{"href":"https:\/\/encuentroinformativo.com.mx\/index.php?rest_route=\/wp\/v2\/posts\/33075","targetHints":{"allow":["GET"]}}],"collection":[{"href":"https:\/\/encuentroinformativo.com.mx\/index.php?rest_route=\/wp\/v2\/posts"}],"about":[{"href":"https:\/\/encuentroinformativo.com.mx\/index.php?rest_route=\/wp\/v2\/types\/post"}],"author":[{"embeddable":true,"href":"https:\/\/encuentroinformativo.com.mx\/index.php?rest_route=\/wp\/v2\/users\/1"}],"replies":[{"embeddable":true,"href":"https:\/\/encuentroinformativo.com.mx\/index.php?rest_route=%2Fwp%2Fv2%2Fcomments&post=33075"}],"version-history":[{"count":1,"href":"https:\/\/encuentroinformativo.com.mx\/index.php?rest_route=\/wp\/v2\/posts\/33075\/revisions"}],"predecessor-version":[{"id":33077,"href":"https:\/\/encuentroinformativo.com.mx\/index.php?rest_route=\/wp\/v2\/posts\/33075\/revisions\/33077"}],"wp:featuredmedia":[{"embeddable":true,"href":"https:\/\/encuentroinformativo.com.mx\/index.php?rest_route=\/wp\/v2\/media\/33076"}],"wp:attachment":[{"href":"https:\/\/encuentroinformativo.com.mx\/index.php?rest_route=%2Fwp%2Fv2%2Fmedia&parent=33075"}],"wp:term":[{"taxonomy":"category","embeddable":true,"href":"https:\/\/encuentroinformativo.com.mx\/index.php?rest_route=%2Fwp%2Fv2%2Fcategories&post=33075"},{"taxonomy":"post_tag","embeddable":true,"href":"https:\/\/encuentroinformativo.com.mx\/index.php?rest_route=%2Fwp%2Fv2%2Ftags&post=33075"}],"curies":[{"name":"wp","href":"https:\/\/api.w.org\/{rel}","templated":true}]}}