{"id":33078,"date":"2022-10-25T14:29:04","date_gmt":"2022-10-25T19:29:04","guid":{"rendered":"https:\/\/encuentroinformativo.com.mx\/?p=33078"},"modified":"2022-10-25T14:29:08","modified_gmt":"2022-10-25T19:29:08","slug":"jovenes-sufren-desmayo-en-cbtis-de-coatepec","status":"publish","type":"post","link":"https:\/\/encuentroinformativo.com.mx\/?p=33078","title":{"rendered":"J\u00f3venes sufren desmayo en CBTIS de Coatepec"},"content":{"rendered":"\n<p><strong>Juan Arcos<\/strong><\/p>\n\n\n\n<p>Coatepec, Ver.- Cerca de 30 alumnos se desmayaron en el Centro de Bachillerato Tecnol\u00f3gico Industrial y de Servicios n\u00famero 165 (CBTIS) \u201cLeona Vicario\u201d, ubicado en el municipio de Coatepec, donde las autoridades acad\u00e9micas ocultaron el hecho a madres y padres de familia.<\/p>\n\n\n\n<p>Los j\u00f3venes se desvanecieron debido a un presunto golpe de calor, alrededor de las 15:00 horas del lunes 24 de octubre, durante un acto c\u00edvico correspondiente a los festejos del 40 aniversario de la instituci\u00f3n acad\u00e9mica.<\/p>\n\n\n\n<p>Las mam\u00e1s y pap\u00e1s est\u00e1n molestos porque no fueron notificados por la Direcci\u00f3n del plantel sobre dicha situaci\u00f3n.<\/p>\n\n\n\n<p>Fueron los mismos alumnos quienes dijeron a sus tutores que hab\u00edan sufrido un desmayo durante el acto c\u00edvico, presuntamente por un golpe de calor.<\/p>\n\n\n\n<p>Estuvieron durante m\u00e1s de una hora formados bajo el sol mientras se hac\u00eda la entrega de reconocimientos; sin embargo, la autoridad, al percatarse de los s\u00edntomas de los alumnos, decidi\u00f3 suspender el acto y mandarlos a sus aulas.<\/p>\n\n\n\n<p>Los estudiantes fueron atendidos por personal de la escuela; sin embargo, al verse rebasados, se tom\u00f3 la decisi\u00f3n de llamar a una unidad de emergencias para que reanimara a los estudiantes.<\/p>\n\n\n\n<p>Una joven result\u00f3 en una condici\u00f3n m\u00e1s complicada. Para reanimarla se le tuvo que dar atenci\u00f3n con ox\u00edgeno dentro de una ambulancia de la Cruz Roja.<\/p>\n\n\n\n<p>Al sitio acudi\u00f3 personal de la Secretar\u00eda de Protecci\u00f3n Civil (PC) para tomar conocimiento del hecho, pues cre\u00edan que se trataba de una intoxicaci\u00f3n.<\/p>\n\n\n\n<p>El gobernador Cuitl\u00e1huac Garc\u00eda Jim\u00e9nez declar\u00f3 en conferencia de prensa que se trat\u00f3 de solo dos o tres estudiantes que se debilitaron por permanecer bajo el sol, durante un tiempo, sin haber desayunado.<\/p>\n\n\n\n<p>Cabe recordar que reci\u00e9n fueron hospitalizados 48 alumnos de la Escuela Secundaria n\u00famero 67, ubicada en el municipio de \u00c1lamo Temapache, al norte de la entidad, donde fueron dados de alta y a\u00fan se analizan las causas que provocaron el desmayo de varios de ellos.\u00a0<\/p>\n","protected":false},"excerpt":{"rendered":"<p>Juan Arcos Coatepec, Ver.- Cerca de 30 alumnos se desmayaron en el Centro de Bachillerato Tecnol\u00f3gico Industrial y de Servicios n\u00famero 165 (CBTIS) \u201cLeona Vicario\u201d, ubicado en el municipio de Coatepec, donde las autoridades acad\u00e9micas ocultaron el hecho a madres y padres de familia. Los j\u00f3venes se desvanecieron debido a un presunto golpe de calor, [&hellip;]<\/p>\n","protected":false},"author":1,"featured_media":33079,"comment_status":"open","ping_status":"open","sticky":false,"template":"","format":"standard","meta":{"_jetpack_memberships_contains_paid_content":false,"footnotes":""},"categories":[8],"tags":[],"class_list":["post-33078","post","type-post","status-publish","format-standard","has-post-thumbnail","hentry","category-region"],"jetpack_featured_media_url":"https:\/\/encuentroinformativo.com.mx\/wp-content\/uploads\/2022\/10\/E409186C-1D26-4DC2-B5B0-527B477A2F47.jpeg","jetpack_sharing_enabled":true,"jetpack_likes_enabled":true,"amp_enabled":true,"_links":{"self":[{"href":"https:\/\/encuentroinformativo.com.mx\/index.php?rest_route=\/wp\/v2\/posts\/33078","targetHints":{"allow":["GET"]}}],"collection":[{"href":"https:\/\/encuentroinformativo.com.mx\/index.php?rest_route=\/wp\/v2\/posts"}],"about":[{"href":"https:\/\/encuentroinformativo.com.mx\/index.php?rest_route=\/wp\/v2\/types\/post"}],"author":[{"embeddable":true,"href":"https:\/\/encuentroinformativo.com.mx\/index.php?rest_route=\/wp\/v2\/users\/1"}],"replies":[{"embeddable":true,"href":"https:\/\/encuentroinformativo.com.mx\/index.php?rest_route=%2Fwp%2Fv2%2Fcomments&post=33078"}],"version-history":[{"count":1,"href":"https:\/\/encuentroinformativo.com.mx\/index.php?rest_route=\/wp\/v2\/posts\/33078\/revisions"}],"predecessor-version":[{"id":33080,"href":"https:\/\/encuentroinformativo.com.mx\/index.php?rest_route=\/wp\/v2\/posts\/33078\/revisions\/33080"}],"wp:featuredmedia":[{"embeddable":true,"href":"https:\/\/encuentroinformativo.com.mx\/index.php?rest_route=\/wp\/v2\/media\/33079"}],"wp:attachment":[{"href":"https:\/\/encuentroinformativo.com.mx\/index.php?rest_route=%2Fwp%2Fv2%2Fmedia&parent=33078"}],"wp:term":[{"taxonomy":"category","embeddable":true,"href":"https:\/\/encuentroinformativo.com.mx\/index.php?rest_route=%2Fwp%2Fv2%2Fcategories&post=33078"},{"taxonomy":"post_tag","embeddable":true,"href":"https:\/\/encuentroinformativo.com.mx\/index.php?rest_route=%2Fwp%2Fv2%2Ftags&post=33078"}],"curies":[{"name":"wp","href":"https:\/\/api.w.org\/{rel}","templated":true}]}}