{"id":33087,"date":"2022-10-25T16:59:46","date_gmt":"2022-10-25T21:59:46","guid":{"rendered":"https:\/\/encuentroinformativo.com.mx\/?p=33087"},"modified":"2022-10-25T16:59:50","modified_gmt":"2022-10-25T21:59:50","slug":"presunta-intoxicacion-fue-psicosis-en-alamo-gobernador","status":"publish","type":"post","link":"https:\/\/encuentroinformativo.com.mx\/?p=33087","title":{"rendered":"Presunta intoxicaci\u00f3n, fue psicosis en \u00c1lamo: Gobernador"},"content":{"rendered":"\n<p><strong>Dar\u00edo Pale <\/strong><\/p>\n\n\n\n<p>Xalapa, Ver.- Despu\u00e9s de varias pruebas realizadas a los 48 estudiantes de la Escuela Secundaria n\u00famero 67 de \u00c1lamo, que resultaron con diversos s\u00edntomas, as\u00ed como a adultos, lo que sucedi\u00f3 podr\u00eda tratarse de un evento llamado &#8220;brote de trastorno psicog\u00e9nico masivo&#8221; o psic\u00f3sis colectiva, as\u00ed lo inform\u00f3 el gobernador del estado Cuitl\u00e1huac Garc\u00eda Jim\u00e9nez.<\/p>\n\n\n\n<p>En conferencia de prensa se\u00f1al\u00f3 que la intoxicaci\u00f3n de 48 estudiantes de \u00c1lamo fue psic\u00f3sis colectiva, explic\u00f3 que ello pudo ser ocasionado en parte, por informaci\u00f3n inadecuada difundida.<\/p>\n\n\n\n<p>Por lo que en virtud de que ning\u00fan adulto report\u00f3 ning\u00fan s\u00edntoma, se descarta cualquier situaci\u00f3n que se relacionara con el plantel, por lo que coment\u00f3 que si hubiera sido alguna contaminaci\u00f3n tambi\u00e9n les hubiera tocado a otros de la comunidad.<\/p>\n\n\n\n<p>&#8220;Entonces el Comit\u00e9 de Especialistas se re\u00fane, estoy hablando de una epidemi\u00f3loga, un doctor, de un neur\u00f3logo, lo que reportan es: dadas las caracter\u00edsticas de ocurrencia del evento, el diagn\u00f3stico de los especialistas, los datos epidemiol\u00f3gicos hasta el momento verificados&#8221;, se\u00f1al\u00f3.<\/p>\n\n\n\n<p>&#8220;As\u00ed como los resultados de los laboratoriales cl\u00ednicos y toxicol\u00f3gicos, podr\u00eda tratarse de un evento llamado brote de trastorno psicog\u00e9nico masivo, ocasionado en parte, por informaci\u00f3n inadecuada difundida&#8221;, agreg\u00f3.<\/p>\n\n\n\n<p>El Ejecutivo subray\u00f3 que en pocas palabras de trat\u00f3 de una psic\u00f3sis colectiva, luego de todos los estudios que se han practicado.<\/p>\n\n\n\n<p>Finalmente se\u00f1al\u00f3 que, \u201cde todas maneras se dej\u00f3 abierto para continuar la consulta con los alumnos&#8221;, y reiter\u00f3 que hubo informaci\u00f3n inadecuada que se difundi\u00f3 entre los j\u00f3venes.<\/p>\n\n\n\n<p><strong>Apoyo a Corcholatas<\/strong><\/p>\n\n\n\n<p>Hasta el momento no contempla la posibilidad de dejar su encargo para irse a coordinar o a acompa\u00f1ar alguna campa\u00f1a de las llamadas \u201ccorcholatas\u201d o aspirantes a la presidencia de la Rep\u00fablica, prefiere terminar su periodo, as\u00ed lo inform\u00f3 el gobernador del estado Cuitl\u00e1huac Garc\u00eda Jim\u00e9nez.<\/p>\n\n\n\n<p>Se\u00f1al\u00f3 que por el momento prefiere terminar su periodo a irse con alguna &#8220;corcholata&#8221;, ya que tiene un compromiso con el trabajo que lleva a cabo en su administraci\u00f3n.<\/p>\n\n\n\n<p>Pidi\u00f3 que no se le pregunte si dejar\u00eda el cargo para apoyar a alguno de los aspirantes a la suceder al Presidente, hasta el 2023.<\/p>\n\n\n\n<p>Estim\u00f3 que las renuncias podr\u00edan presentarse hasta el 2023, sobre todo a nivel federal como es el caso de Claudia Sheinbaum, jefa de la Ciudad de M\u00e9xico; Ad\u00e1n Augusto L\u00f3pez Hern\u00e1ndez, secretario de Gobernaci\u00f3n o Marcelo Ebrard secretario de Relaciones Exteriores.<\/p>\n\n\n\n<p>\u201cEstamos metidos en este trabajo y yo espero me permita el Movimiento concluir esa marca, siento esa obligaci\u00f3n, s\u00ed escuch\u00e9 algunas voces, pero yo estoy muy claro de es momento de dar todo por aportarle a Veracruz\u201d, se\u00f1al\u00f3.<\/p>\n\n\n\n<p>Garc\u00eda Jim\u00e9nez coment\u00f3 que la temporada de precampa\u00f1as les exigir\u00e1 tiempo, sobre todo si piensan recorrer el Pa\u00eds, por lo que tendr\u00e1n que desatenderse del cargo p\u00fablico que les han conferido, &#8220;yo preferir\u00eda terminar\u201d.<\/p>\n","protected":false},"excerpt":{"rendered":"<p>Dar\u00edo Pale Xalapa, Ver.- Despu\u00e9s de varias pruebas realizadas a los 48 estudiantes de la Escuela Secundaria n\u00famero 67 de \u00c1lamo, que resultaron con diversos s\u00edntomas, as\u00ed como a adultos, lo que sucedi\u00f3 podr\u00eda tratarse de un evento llamado &#8220;brote de trastorno psicog\u00e9nico masivo&#8221; o psic\u00f3sis colectiva, as\u00ed lo inform\u00f3 el gobernador del estado Cuitl\u00e1huac [&hellip;]<\/p>\n","protected":false},"author":1,"featured_media":33088,"comment_status":"open","ping_status":"open","sticky":false,"template":"","format":"standard","meta":{"_jetpack_memberships_contains_paid_content":false,"footnotes":""},"categories":[2],"tags":[],"class_list":["post-33087","post","type-post","status-publish","format-standard","has-post-thumbnail","hentry","category-estado"],"jetpack_featured_media_url":"https:\/\/encuentroinformativo.com.mx\/wp-content\/uploads\/2022\/10\/7187896E-49B5-40A5-85CD-4B0D91AFE9C7.jpeg","jetpack_sharing_enabled":true,"jetpack_likes_enabled":true,"amp_enabled":true,"_links":{"self":[{"href":"https:\/\/encuentroinformativo.com.mx\/index.php?rest_route=\/wp\/v2\/posts\/33087","targetHints":{"allow":["GET"]}}],"collection":[{"href":"https:\/\/encuentroinformativo.com.mx\/index.php?rest_route=\/wp\/v2\/posts"}],"about":[{"href":"https:\/\/encuentroinformativo.com.mx\/index.php?rest_route=\/wp\/v2\/types\/post"}],"author":[{"embeddable":true,"href":"https:\/\/encuentroinformativo.com.mx\/index.php?rest_route=\/wp\/v2\/users\/1"}],"replies":[{"embeddable":true,"href":"https:\/\/encuentroinformativo.com.mx\/index.php?rest_route=%2Fwp%2Fv2%2Fcomments&post=33087"}],"version-history":[{"count":1,"href":"https:\/\/encuentroinformativo.com.mx\/index.php?rest_route=\/wp\/v2\/posts\/33087\/revisions"}],"predecessor-version":[{"id":33089,"href":"https:\/\/encuentroinformativo.com.mx\/index.php?rest_route=\/wp\/v2\/posts\/33087\/revisions\/33089"}],"wp:featuredmedia":[{"embeddable":true,"href":"https:\/\/encuentroinformativo.com.mx\/index.php?rest_route=\/wp\/v2\/media\/33088"}],"wp:attachment":[{"href":"https:\/\/encuentroinformativo.com.mx\/index.php?rest_route=%2Fwp%2Fv2%2Fmedia&parent=33087"}],"wp:term":[{"taxonomy":"category","embeddable":true,"href":"https:\/\/encuentroinformativo.com.mx\/index.php?rest_route=%2Fwp%2Fv2%2Fcategories&post=33087"},{"taxonomy":"post_tag","embeddable":true,"href":"https:\/\/encuentroinformativo.com.mx\/index.php?rest_route=%2Fwp%2Fv2%2Ftags&post=33087"}],"curies":[{"name":"wp","href":"https:\/\/api.w.org\/{rel}","templated":true}]}}