{"id":33101,"date":"2022-10-26T09:47:40","date_gmt":"2022-10-26T14:47:40","guid":{"rendered":"https:\/\/encuentroinformativo.com.mx\/?p=33101"},"modified":"2022-10-26T09:47:44","modified_gmt":"2022-10-26T14:47:44","slug":"extienden-puente-en-juzgados-de-veracruz","status":"publish","type":"post","link":"https:\/\/encuentroinformativo.com.mx\/?p=33101","title":{"rendered":"Extienden \u2018puente\u2019 en juzgados de Veracruz"},"content":{"rendered":"\n<p><strong>Alejandro \u00c1vila<\/strong><\/p>\n\n\n\n<p>Veracruz, Ver.- El Pleno del Consejo de la Judicatura del Poder Judicial del Estado de Veracruz determin\u00f3 en su \u00faltima sesi\u00f3n extraordinaria agregar un d\u00eda m\u00e1s de descanso a los trabajadores de los Juzgados, con lo cual tendr\u00e1n un &#8220;puente&#8221; de 3 d\u00edas, y solo laborar\u00e1n 2, durante la semana de festejos por D\u00eda de Muertos.<\/p>\n\n\n\n<p>Es de recordar qu\u00e9 los Juzgados de Veracruz mantienen muchas quejas debido a los rezagos en expedientes que existen por la acumulaci\u00f3n de los mismos, as\u00ed como las complicaciones que les dej\u00f3 la pandemia.<\/p>\n\n\n\n<p>En una circular fechada el 24 de octubre, se determin\u00f3 que los Tribunales no trabajar\u00e1n los d\u00edas 31 de octubre, 1 y 2 de noviembre, para as\u00ed poder concretar un &#8220;puente laboral&#8221;, regresando a sus actividades solo los d\u00edas 3 y 4 de noviembre.<\/p>\n\n\n\n<p>Es de mencionar que, de acuerdo a lo establecido en el art\u00edculo 196 de la Ley Org\u00e1nica del Poder Judicial del Estado, los d\u00edas martes 1 y mi\u00e9rcoles 2 de noviembre ya estaban considerados como d\u00edas inh\u00e1biles por ser d\u00edas de Todos Santos.<\/p>\n\n\n\n<p>La decisi\u00f3n ha causado gran molestia entre los litigantes y usuarios del sistema, pues ahora se han dilatado m\u00e1s los procesos y audiencias que ya estaban programadas a celebrarse el 31 de octubre.<\/p>\n\n\n\n<p>Uno de los litigantes inconformes que solicit\u00f3 el anonimato, dio a conocer que para que se lograr\u00e1 se\u00f1alar diligencias para ese d\u00eda pasaron dos meses, por lo que ahora temen que dichas audiencias y diligencias ya se lleven a cabo hasta el siguiente a\u00f1o.<\/p>\n","protected":false},"excerpt":{"rendered":"<p>Alejandro \u00c1vila Veracruz, Ver.- El Pleno del Consejo de la Judicatura del Poder Judicial del Estado de Veracruz determin\u00f3 en su \u00faltima sesi\u00f3n extraordinaria agregar un d\u00eda m\u00e1s de descanso a los trabajadores de los Juzgados, con lo cual tendr\u00e1n un &#8220;puente&#8221; de 3 d\u00edas, y solo laborar\u00e1n 2, durante la semana de festejos por [&hellip;]<\/p>\n","protected":false},"author":1,"featured_media":33102,"comment_status":"open","ping_status":"open","sticky":false,"template":"","format":"standard","meta":{"_jetpack_memberships_contains_paid_content":false,"footnotes":""},"categories":[2],"tags":[],"class_list":["post-33101","post","type-post","status-publish","format-standard","has-post-thumbnail","hentry","category-estado"],"jetpack_featured_media_url":"https:\/\/encuentroinformativo.com.mx\/wp-content\/uploads\/2022\/10\/17C4D199-2DD6-48F4-B83E-04612029DA20.jpeg","jetpack_sharing_enabled":true,"jetpack_likes_enabled":true,"amp_enabled":true,"_links":{"self":[{"href":"https:\/\/encuentroinformativo.com.mx\/index.php?rest_route=\/wp\/v2\/posts\/33101","targetHints":{"allow":["GET"]}}],"collection":[{"href":"https:\/\/encuentroinformativo.com.mx\/index.php?rest_route=\/wp\/v2\/posts"}],"about":[{"href":"https:\/\/encuentroinformativo.com.mx\/index.php?rest_route=\/wp\/v2\/types\/post"}],"author":[{"embeddable":true,"href":"https:\/\/encuentroinformativo.com.mx\/index.php?rest_route=\/wp\/v2\/users\/1"}],"replies":[{"embeddable":true,"href":"https:\/\/encuentroinformativo.com.mx\/index.php?rest_route=%2Fwp%2Fv2%2Fcomments&post=33101"}],"version-history":[{"count":1,"href":"https:\/\/encuentroinformativo.com.mx\/index.php?rest_route=\/wp\/v2\/posts\/33101\/revisions"}],"predecessor-version":[{"id":33103,"href":"https:\/\/encuentroinformativo.com.mx\/index.php?rest_route=\/wp\/v2\/posts\/33101\/revisions\/33103"}],"wp:featuredmedia":[{"embeddable":true,"href":"https:\/\/encuentroinformativo.com.mx\/index.php?rest_route=\/wp\/v2\/media\/33102"}],"wp:attachment":[{"href":"https:\/\/encuentroinformativo.com.mx\/index.php?rest_route=%2Fwp%2Fv2%2Fmedia&parent=33101"}],"wp:term":[{"taxonomy":"category","embeddable":true,"href":"https:\/\/encuentroinformativo.com.mx\/index.php?rest_route=%2Fwp%2Fv2%2Fcategories&post=33101"},{"taxonomy":"post_tag","embeddable":true,"href":"https:\/\/encuentroinformativo.com.mx\/index.php?rest_route=%2Fwp%2Fv2%2Ftags&post=33101"}],"curies":[{"name":"wp","href":"https:\/\/api.w.org\/{rel}","templated":true}]}}