{"id":33107,"date":"2022-10-26T11:50:45","date_gmt":"2022-10-26T16:50:45","guid":{"rendered":"https:\/\/encuentroinformativo.com.mx\/?p=33107"},"modified":"2022-10-26T11:50:49","modified_gmt":"2022-10-26T16:50:49","slug":"con-marchas-persisten-reclamos-estudiantiles-en-psicologia-uv","status":"publish","type":"post","link":"https:\/\/encuentroinformativo.com.mx\/?p=33107","title":{"rendered":"Con marchas, persisten reclamos estudiantiles en psicolog\u00eda UV"},"content":{"rendered":"\n<p><strong>Juan Arcos <\/strong><\/p>\n\n\n\n<p>Xalapa, Ver.- Decenas de alumnos marcharon de la Facultad de Psicolog\u00eda a la Rector\u00eda de la Universidad Veracruzana (UV) para exigir que sean atendidas las demandas estudiantiles, entre ellas la destituci\u00f3n de la directora Teresa Figueroa V\u00e1zquez.<\/p>\n\n\n\n<p>Los inconformes, en su mayor\u00eda vestidos de negro, se concentraron afuera de dicha facultad, ubicada en la unidad habitacional Nuevo Xalapa, para posteriormente caminar sobre la avenida Rebsamen hasta llegar a la zona universitaria.<\/p>\n\n\n\n<p>Portaban una lona al frente del contingente donde se le\u00eda el mensaje: \u201cel ojo que todo lo ignora, la educaci\u00f3n deteriora\u201d.<\/p>\n\n\n\n<p>Criticaron que el rector de la m\u00e1xima casa de estudios del estado, Mart\u00edn Aguilar a S\u00e1nchez, no se haya prestado al di\u00e1logo para solucionar el problema.<\/p>\n\n\n\n<p>Los j\u00f3venes han emitido pliegos petitorios a las autoridades universitarias, sin obtener una respuesta favorable, por lo que contin\u00faa el paro estudiantil en la Facultad de Psicolog\u00eda.<\/p>\n\n\n\n<p>Esta ma\u00f1ana, una comisi\u00f3n integrada por estudiantes de la Facultad de Psicolog\u00eda ingres\u00f3 a Rector\u00eda para entregar personalmente su pliego petitorio.<\/p>\n\n\n\n<p>En el sitio indicaron que se exige la destituci\u00f3n de la directora Teresa Figueroa V\u00e1zquez por las constantes faltas administrativas que ha cometido y su presunta falta de voluntad para atender las demandas estudiantiles.<\/p>\n\n\n\n<p>Recordaron que despu\u00e9s de haber iniciado clases presenciales, siete experiencias educativas est\u00e1n sin profesor, afectando en promedio a 210 alumnos.<\/p>\n\n\n\n<p>Adem\u00e1s, existen dos plazas de docentes de tiempo completo que no han sidodesignadas y hay 170 estudiantes sin un plan de egreso acorde con sus trayectorias.<\/p>\n\n\n\n<p>\u201cDel total esperado de estudiantes que deben egresar, solo lo ha hecho el 60 por ciento\u201d, han expuesto los universitarios en su pliego petitorio.<\/p>\n\n\n\n<p>Los estudiantes tambi\u00e9n protestaron debido a la no resoluci\u00f3n de quejas de violencia de g\u00e9nero y la falta de transparencia en procesos educativos, pues ha habido casos de acoso sexual y no se han aplicado sanciones contra los responsables.\u00a0<\/p>\n\n\n\n<figure class=\"wp-block-image size-large\"><img loading=\"lazy\" decoding=\"async\" width=\"1024\" height=\"768\" src=\"https:\/\/encuentroinformativo.com.mx\/wp-content\/uploads\/2022\/10\/CD2F17DC-5C1D-4BF1-9EBD-B6694339A151-1024x768.jpeg\" alt=\"\" class=\"wp-image-33109\" srcset=\"https:\/\/encuentroinformativo.com.mx\/wp-content\/uploads\/2022\/10\/CD2F17DC-5C1D-4BF1-9EBD-B6694339A151-1024x768.jpeg 1024w, https:\/\/encuentroinformativo.com.mx\/wp-content\/uploads\/2022\/10\/CD2F17DC-5C1D-4BF1-9EBD-B6694339A151-300x225.jpeg 300w, https:\/\/encuentroinformativo.com.mx\/wp-content\/uploads\/2022\/10\/CD2F17DC-5C1D-4BF1-9EBD-B6694339A151-768x576.jpeg 768w, https:\/\/encuentroinformativo.com.mx\/wp-content\/uploads\/2022\/10\/CD2F17DC-5C1D-4BF1-9EBD-B6694339A151-1536x1152.jpeg 1536w, https:\/\/encuentroinformativo.com.mx\/wp-content\/uploads\/2022\/10\/CD2F17DC-5C1D-4BF1-9EBD-B6694339A151.jpeg 2016w\" sizes=\"auto, (max-width: 1024px) 100vw, 1024px\" \/><\/figure>\n","protected":false},"excerpt":{"rendered":"<p>Juan Arcos Xalapa, Ver.- Decenas de alumnos marcharon de la Facultad de Psicolog\u00eda a la Rector\u00eda de la Universidad Veracruzana (UV) para exigir que sean atendidas las demandas estudiantiles, entre ellas la destituci\u00f3n de la directora Teresa Figueroa V\u00e1zquez. Los inconformes, en su mayor\u00eda vestidos de negro, se concentraron afuera de dicha facultad, ubicada en [&hellip;]<\/p>\n","protected":false},"author":1,"featured_media":33108,"comment_status":"open","ping_status":"open","sticky":false,"template":"","format":"standard","meta":{"_jetpack_memberships_contains_paid_content":false,"footnotes":""},"categories":[3],"tags":[],"class_list":["post-33107","post","type-post","status-publish","format-standard","has-post-thumbnail","hentry","category-xalapa"],"jetpack_featured_media_url":"https:\/\/encuentroinformativo.com.mx\/wp-content\/uploads\/2022\/10\/DAB7EAB1-FF10-4463-B495-34A83CEB920F.jpeg","jetpack_sharing_enabled":true,"jetpack_likes_enabled":true,"amp_enabled":true,"_links":{"self":[{"href":"https:\/\/encuentroinformativo.com.mx\/index.php?rest_route=\/wp\/v2\/posts\/33107","targetHints":{"allow":["GET"]}}],"collection":[{"href":"https:\/\/encuentroinformativo.com.mx\/index.php?rest_route=\/wp\/v2\/posts"}],"about":[{"href":"https:\/\/encuentroinformativo.com.mx\/index.php?rest_route=\/wp\/v2\/types\/post"}],"author":[{"embeddable":true,"href":"https:\/\/encuentroinformativo.com.mx\/index.php?rest_route=\/wp\/v2\/users\/1"}],"replies":[{"embeddable":true,"href":"https:\/\/encuentroinformativo.com.mx\/index.php?rest_route=%2Fwp%2Fv2%2Fcomments&post=33107"}],"version-history":[{"count":1,"href":"https:\/\/encuentroinformativo.com.mx\/index.php?rest_route=\/wp\/v2\/posts\/33107\/revisions"}],"predecessor-version":[{"id":33110,"href":"https:\/\/encuentroinformativo.com.mx\/index.php?rest_route=\/wp\/v2\/posts\/33107\/revisions\/33110"}],"wp:featuredmedia":[{"embeddable":true,"href":"https:\/\/encuentroinformativo.com.mx\/index.php?rest_route=\/wp\/v2\/media\/33108"}],"wp:attachment":[{"href":"https:\/\/encuentroinformativo.com.mx\/index.php?rest_route=%2Fwp%2Fv2%2Fmedia&parent=33107"}],"wp:term":[{"taxonomy":"category","embeddable":true,"href":"https:\/\/encuentroinformativo.com.mx\/index.php?rest_route=%2Fwp%2Fv2%2Fcategories&post=33107"},{"taxonomy":"post_tag","embeddable":true,"href":"https:\/\/encuentroinformativo.com.mx\/index.php?rest_route=%2Fwp%2Fv2%2Ftags&post=33107"}],"curies":[{"name":"wp","href":"https:\/\/api.w.org\/{rel}","templated":true}]}}