{"id":33111,"date":"2022-10-26T13:05:11","date_gmt":"2022-10-26T18:05:11","guid":{"rendered":"https:\/\/encuentroinformativo.com.mx\/?p=33111"},"modified":"2022-10-26T13:05:18","modified_gmt":"2022-10-26T18:05:18","slug":"gobierno-de-veracruz-no-trabajara-con-fidel-kuri-afirma-secretario-de-finanzas","status":"publish","type":"post","link":"https:\/\/encuentroinformativo.com.mx\/?p=33111","title":{"rendered":"Gobierno de Veracruz no trabajar\u00e1 con Fidel Kuri, afirma secretario de Finanzas"},"content":{"rendered":"\n<p><strong>Alejandro \u00c1vila<\/strong><\/p>\n\n\n\n<p>Boca del R\u00edo, Ver.- Pese a que el expresidente de los Tiburones Rojos, Fidel Kuri Grajales ya est\u00e1 fuera de la c\u00e1rcel, y asegur\u00f3 buscar\u00e1 regresar al equipo la primera divisi\u00f3n, el Gobierno del Estado no tiene inter\u00e9s de coadyuvar con \u00e9l para lograr el mencionado objetivo.<\/p>\n\n\n\n<p>En entrevista, el secretario de Finanzas y Planeaci\u00f3n (SEFIPLAN), Jos\u00e9 Luis Lima Franco, qui\u00e9n ha estado pendiente de la situaci\u00f3n del regreso del f\u00fatbol a Veracruz, asegur\u00f3 que su prioridad es conseguir una franquicia alterna que pueda jugar en el estadio Luis &#8220;Piirata&#8221; Fuente.<\/p>\n\n\n\n<p>&#8220;No, nosotros estamos trabajando aparte, el Gobierno del Estado con la Federaci\u00f3n Mexicana de F\u00fatbol, y estamos buscando tener buenas noticias (\u2026) la intenci\u00f3n es regresar el f\u00fatbol y eso es lo que estamos trabajando&#8221;, asest\u00f3.<\/p>\n\n\n\n<p>Lima Franco dijo que es la Secretar\u00eda de Infraestructura Obra P\u00fablica (SIOP) la que se encargar\u00e1 de lanzar la licitaci\u00f3n para que a m\u00e1s tardar en diciembre de este a\u00f1o se inicia la rehabilitaci\u00f3n del estadio de f\u00fatbol Luis &#8220;Pirata&#8221; Fuente, donde se invertir\u00e1n aproximadamente 300 millones de pesos.<\/p>\n","protected":false},"excerpt":{"rendered":"<p>Alejandro \u00c1vila Boca del R\u00edo, Ver.- Pese a que el expresidente de los Tiburones Rojos, Fidel Kuri Grajales ya est\u00e1 fuera de la c\u00e1rcel, y asegur\u00f3 buscar\u00e1 regresar al equipo la primera divisi\u00f3n, el Gobierno del Estado no tiene inter\u00e9s de coadyuvar con \u00e9l para lograr el mencionado objetivo. En entrevista, el secretario de Finanzas [&hellip;]<\/p>\n","protected":false},"author":1,"featured_media":33112,"comment_status":"open","ping_status":"open","sticky":false,"template":"","format":"standard","meta":{"_jetpack_memberships_contains_paid_content":false,"footnotes":""},"categories":[2],"tags":[],"class_list":["post-33111","post","type-post","status-publish","format-standard","has-post-thumbnail","hentry","category-estado"],"jetpack_featured_media_url":"https:\/\/encuentroinformativo.com.mx\/wp-content\/uploads\/2022\/10\/119CFE44-2390-412F-B880-B874FB59EFD6.jpeg","jetpack_sharing_enabled":true,"jetpack_likes_enabled":true,"amp_enabled":true,"_links":{"self":[{"href":"https:\/\/encuentroinformativo.com.mx\/index.php?rest_route=\/wp\/v2\/posts\/33111","targetHints":{"allow":["GET"]}}],"collection":[{"href":"https:\/\/encuentroinformativo.com.mx\/index.php?rest_route=\/wp\/v2\/posts"}],"about":[{"href":"https:\/\/encuentroinformativo.com.mx\/index.php?rest_route=\/wp\/v2\/types\/post"}],"author":[{"embeddable":true,"href":"https:\/\/encuentroinformativo.com.mx\/index.php?rest_route=\/wp\/v2\/users\/1"}],"replies":[{"embeddable":true,"href":"https:\/\/encuentroinformativo.com.mx\/index.php?rest_route=%2Fwp%2Fv2%2Fcomments&post=33111"}],"version-history":[{"count":1,"href":"https:\/\/encuentroinformativo.com.mx\/index.php?rest_route=\/wp\/v2\/posts\/33111\/revisions"}],"predecessor-version":[{"id":33113,"href":"https:\/\/encuentroinformativo.com.mx\/index.php?rest_route=\/wp\/v2\/posts\/33111\/revisions\/33113"}],"wp:featuredmedia":[{"embeddable":true,"href":"https:\/\/encuentroinformativo.com.mx\/index.php?rest_route=\/wp\/v2\/media\/33112"}],"wp:attachment":[{"href":"https:\/\/encuentroinformativo.com.mx\/index.php?rest_route=%2Fwp%2Fv2%2Fmedia&parent=33111"}],"wp:term":[{"taxonomy":"category","embeddable":true,"href":"https:\/\/encuentroinformativo.com.mx\/index.php?rest_route=%2Fwp%2Fv2%2Fcategories&post=33111"},{"taxonomy":"post_tag","embeddable":true,"href":"https:\/\/encuentroinformativo.com.mx\/index.php?rest_route=%2Fwp%2Fv2%2Ftags&post=33111"}],"curies":[{"name":"wp","href":"https:\/\/api.w.org\/{rel}","templated":true}]}}