{"id":33120,"date":"2022-10-26T15:07:57","date_gmt":"2022-10-26T20:07:57","guid":{"rendered":"https:\/\/encuentroinformativo.com.mx\/?p=33120"},"modified":"2022-10-26T15:08:01","modified_gmt":"2022-10-26T20:08:01","slug":"fallecio-sanchez-tirado-ex-funcionario-duartista-acusado-de-desaparicion-forzada","status":"publish","type":"post","link":"https:\/\/encuentroinformativo.com.mx\/?p=33120","title":{"rendered":"Falleci\u00f3 S\u00e1nchez  Tirado, ex funcionario duartista acusado de desaparici\u00f3n forzada"},"content":{"rendered":"\n<p><strong>Dar\u00edo Pale <\/strong><\/p>\n\n\n\n<p>Xalapa, Ver.- \u00d3scar S\u00e1nchez Tirado exdirector de Penales en el gobierno de Duarte, falleci\u00f3 de un derrame cerebral la madrugada de este mi\u00e9rcoles quien se encontraba recluido en el penal de Pacho Viejo.<\/p>\n\n\n\n<p>El exfuncionario de la administraci\u00f3n de Javier Duarte estaba detenido por el delito de desaparici\u00f3n forzada y en espera de su sentencia.<\/p>\n\n\n\n<p>S\u00e1nchez Tirado fue detenido el 20 de septiembre de 2017, en Mazatl\u00e1n, Sinaloa, por lo que ya hab\u00eda cumplido 5 a\u00f1os en prisi\u00f3n preventiva, sin que se resolviera su culpabilidad o inocencia de los delitos de desaparici\u00f3n forzada.<\/p>\n\n\n\n<p>El exmando polic\u00edaco de Arturo Berm\u00fadez fue imputado por la Fiscal\u00eda General del Estado, en la gesti\u00f3n de Jorge Winckler Ort\u00edz.<\/p>\n\n\n\n<p>Con base en reportes del penal de Pacho Viejo, donde permanec\u00eda privado de su libertad, la semana pasada, S\u00e1nchez Tirado manifest\u00f3 sentirse mal, al referir mareos, dolor de cabeza y malestar general.<\/p>\n\n\n\n<p>Luego de ser revisado se detect\u00f3 que ten\u00eda alg\u00fan padecimiento fuerte, por lo que fue trasladado a urgencias del Hospital Regional &#8220;Dr. Luis F. Nach\u00f3n&#8221; donde permaneci\u00f3 internado hasta este d\u00eda en que se report\u00f3 su muerte.<\/p>\n\n\n\n<p>El exdirector de Penales fue acusado de desaparecer a Carlos David Bautista L\u00f3pez en septiembre del 2015.<\/p>\n\n\n\n<p>El joven desapareci\u00f3 en Xalapa luego de visitar a su expareja Olga, quien en ese momento era pareja sentimental de S\u00e1nchez Tirado.<\/p>\n\n\n\n<p>Por \u00faltimo cabe recordar que el joven fue llevado a un rancho donde fue asesinado, por lo que ella, S\u00e1nchez Tirado y seis de sus escoltas fueron detenidos por la desaparici\u00f3n forzada de Carlos David.<\/p>\n","protected":false},"excerpt":{"rendered":"<p>Dar\u00edo Pale Xalapa, Ver.- \u00d3scar S\u00e1nchez Tirado exdirector de Penales en el gobierno de Duarte, falleci\u00f3 de un derrame cerebral la madrugada de este mi\u00e9rcoles quien se encontraba recluido en el penal de Pacho Viejo. El exfuncionario de la administraci\u00f3n de Javier Duarte estaba detenido por el delito de desaparici\u00f3n forzada y en espera de [&hellip;]<\/p>\n","protected":false},"author":1,"featured_media":3869,"comment_status":"open","ping_status":"open","sticky":false,"template":"","format":"standard","meta":{"_jetpack_memberships_contains_paid_content":false,"footnotes":""},"categories":[2],"tags":[],"class_list":["post-33120","post","type-post","status-publish","format-standard","has-post-thumbnail","hentry","category-estado"],"jetpack_featured_media_url":"https:\/\/encuentroinformativo.com.mx\/wp-content\/uploads\/2020\/07\/0BC1E73A-A6C2-4086-9FC0-4A410CEC07C2.jpeg","jetpack_sharing_enabled":true,"jetpack_likes_enabled":true,"amp_enabled":true,"_links":{"self":[{"href":"https:\/\/encuentroinformativo.com.mx\/index.php?rest_route=\/wp\/v2\/posts\/33120","targetHints":{"allow":["GET"]}}],"collection":[{"href":"https:\/\/encuentroinformativo.com.mx\/index.php?rest_route=\/wp\/v2\/posts"}],"about":[{"href":"https:\/\/encuentroinformativo.com.mx\/index.php?rest_route=\/wp\/v2\/types\/post"}],"author":[{"embeddable":true,"href":"https:\/\/encuentroinformativo.com.mx\/index.php?rest_route=\/wp\/v2\/users\/1"}],"replies":[{"embeddable":true,"href":"https:\/\/encuentroinformativo.com.mx\/index.php?rest_route=%2Fwp%2Fv2%2Fcomments&post=33120"}],"version-history":[{"count":1,"href":"https:\/\/encuentroinformativo.com.mx\/index.php?rest_route=\/wp\/v2\/posts\/33120\/revisions"}],"predecessor-version":[{"id":33121,"href":"https:\/\/encuentroinformativo.com.mx\/index.php?rest_route=\/wp\/v2\/posts\/33120\/revisions\/33121"}],"wp:featuredmedia":[{"embeddable":true,"href":"https:\/\/encuentroinformativo.com.mx\/index.php?rest_route=\/wp\/v2\/media\/3869"}],"wp:attachment":[{"href":"https:\/\/encuentroinformativo.com.mx\/index.php?rest_route=%2Fwp%2Fv2%2Fmedia&parent=33120"}],"wp:term":[{"taxonomy":"category","embeddable":true,"href":"https:\/\/encuentroinformativo.com.mx\/index.php?rest_route=%2Fwp%2Fv2%2Fcategories&post=33120"},{"taxonomy":"post_tag","embeddable":true,"href":"https:\/\/encuentroinformativo.com.mx\/index.php?rest_route=%2Fwp%2Fv2%2Ftags&post=33120"}],"curies":[{"name":"wp","href":"https:\/\/api.w.org\/{rel}","templated":true}]}}