{"id":33122,"date":"2022-10-26T15:14:45","date_gmt":"2022-10-26T20:14:45","guid":{"rendered":"https:\/\/encuentroinformativo.com.mx\/?p=33122"},"modified":"2022-10-26T15:14:50","modified_gmt":"2022-10-26T20:14:50","slug":"se-procedera-contra-alumno-que-saco-navaja-en-escuela-de-xalapa-zenyazen","status":"publish","type":"post","link":"https:\/\/encuentroinformativo.com.mx\/?p=33122","title":{"rendered":"Se proceder\u00e1 contra alumno que sac\u00f3 navaja en escuela de Xalapa: Zenyazen"},"content":{"rendered":"\n<p><strong>Alejandro \u00c1vila<\/strong><\/p>\n\n\n\n<p>Boca del R\u00edo, Ver.- El secretario de Educaci\u00f3n de Veracruz (SEV), Zenyazen Escobar Garc\u00eda asegur\u00f3 qu\u00e9&nbsp; se seguir\u00e1 un proceso en contra del alumno que realiz\u00f3 acciones violentas dentro de una escuela en la ciudad de Xalapa.<\/p>\n\n\n\n<p>Es de mencionar que, hace unos d\u00edas fue mostrado en redes sociales un video donde un joven estudiante de la escuela secundaria t\u00e9cnica 128 en la ciudad de Xalapa, sac\u00f3 una navaja, situaci\u00f3n que indign\u00f3 a los internautas y alert\u00f3 a los padres de familia.<\/p>\n\n\n\n<p>&#8220;Se har\u00e1 todo un procedimiento sin violar las garant\u00edas de este joven&#8221;, precis\u00f3 el titular de la SEV.<\/p>\n\n\n\n<p>El funcionario estatal se\u00f1al\u00f3 que, se seguir\u00e1 el protocolo establecido y se hablar\u00e1 con madres de familia y maestros.<\/p>\n\n\n\n<p>Adem\u00e1s de que adelant\u00f3 que este&nbsp;<\/p>\n\n\n\n<p>viernes se realizar\u00e1 el Primer Foro de Prevenci\u00f3n de Adicciones y Manejo de Emociones.<\/p>\n\n\n\n<p>Escobar Garc\u00eda sostuvo que, la administraci\u00f3n estatal en materia de educaci\u00f3n va en la ruta del manejo del emociones, &#8220;no somos omisos y estamos actuando&#8221;.<\/p>\n","protected":false},"excerpt":{"rendered":"<p>Alejandro \u00c1vila Boca del R\u00edo, Ver.- El secretario de Educaci\u00f3n de Veracruz (SEV), Zenyazen Escobar Garc\u00eda asegur\u00f3 qu\u00e9&nbsp; se seguir\u00e1 un proceso en contra del alumno que realiz\u00f3 acciones violentas dentro de una escuela en la ciudad de Xalapa. Es de mencionar que, hace unos d\u00edas fue mostrado en redes sociales un video donde un [&hellip;]<\/p>\n","protected":false},"author":1,"featured_media":33123,"comment_status":"open","ping_status":"open","sticky":false,"template":"","format":"standard","meta":{"_jetpack_memberships_contains_paid_content":false,"footnotes":""},"categories":[2],"tags":[],"class_list":["post-33122","post","type-post","status-publish","format-standard","has-post-thumbnail","hentry","category-estado"],"jetpack_featured_media_url":"https:\/\/encuentroinformativo.com.mx\/wp-content\/uploads\/2022\/10\/F374BFDC-FA2B-48D9-945F-B985B772BBCF.jpeg","jetpack_sharing_enabled":true,"jetpack_likes_enabled":true,"amp_enabled":true,"_links":{"self":[{"href":"https:\/\/encuentroinformativo.com.mx\/index.php?rest_route=\/wp\/v2\/posts\/33122","targetHints":{"allow":["GET"]}}],"collection":[{"href":"https:\/\/encuentroinformativo.com.mx\/index.php?rest_route=\/wp\/v2\/posts"}],"about":[{"href":"https:\/\/encuentroinformativo.com.mx\/index.php?rest_route=\/wp\/v2\/types\/post"}],"author":[{"embeddable":true,"href":"https:\/\/encuentroinformativo.com.mx\/index.php?rest_route=\/wp\/v2\/users\/1"}],"replies":[{"embeddable":true,"href":"https:\/\/encuentroinformativo.com.mx\/index.php?rest_route=%2Fwp%2Fv2%2Fcomments&post=33122"}],"version-history":[{"count":1,"href":"https:\/\/encuentroinformativo.com.mx\/index.php?rest_route=\/wp\/v2\/posts\/33122\/revisions"}],"predecessor-version":[{"id":33124,"href":"https:\/\/encuentroinformativo.com.mx\/index.php?rest_route=\/wp\/v2\/posts\/33122\/revisions\/33124"}],"wp:featuredmedia":[{"embeddable":true,"href":"https:\/\/encuentroinformativo.com.mx\/index.php?rest_route=\/wp\/v2\/media\/33123"}],"wp:attachment":[{"href":"https:\/\/encuentroinformativo.com.mx\/index.php?rest_route=%2Fwp%2Fv2%2Fmedia&parent=33122"}],"wp:term":[{"taxonomy":"category","embeddable":true,"href":"https:\/\/encuentroinformativo.com.mx\/index.php?rest_route=%2Fwp%2Fv2%2Fcategories&post=33122"},{"taxonomy":"post_tag","embeddable":true,"href":"https:\/\/encuentroinformativo.com.mx\/index.php?rest_route=%2Fwp%2Fv2%2Ftags&post=33122"}],"curies":[{"name":"wp","href":"https:\/\/api.w.org\/{rel}","templated":true}]}}