{"id":33131,"date":"2022-10-26T16:55:44","date_gmt":"2022-10-26T21:55:44","guid":{"rendered":"https:\/\/encuentroinformativo.com.mx\/?p=33131"},"modified":"2022-10-26T16:55:48","modified_gmt":"2022-10-26T21:55:48","slug":"cafetaleros-inician-cosecha-con-amplias-expectativas","status":"publish","type":"post","link":"https:\/\/encuentroinformativo.com.mx\/?p=33131","title":{"rendered":"Cafetaleros inician cosecha con amplias expectativas"},"content":{"rendered":"\n<p><strong>Juan Arcos\u00a0<\/strong><\/p>\n\n\n\n<p>Coatepec, Ver.- Productores de caf\u00e9 del estado de Veracruz tienen amplias expectativas durante este inicio de la cosecha 2022-2023.<\/p>\n\n\n\n<p>De acuerdo con el presidente del Consejo Regional del Caf\u00e9 de Coatepec, Cirio Ruiz Gonz\u00e1lez, la cosecha comenz\u00f3 en la zona baja y podr\u00eda durar hasta febrero o marzo, dependiendo de las condiciones clim\u00e1ticas y de las floraciones.<\/p>\n\n\n\n<p>El entrevistado indic\u00f3 que se prev\u00e9 una producci\u00f3n nacional de 4 millones de sacos de 60 kilogramos.<\/p>\n\n\n\n<p>Cabe recordar que en la entidad hab\u00eda un padr\u00f3n de aproximadamente 90 mil cafetaleros que manten\u00edan su actividad; sin embargo, la cifra disminuy\u00f3 durante los \u00faltimos a\u00f1os y ahora solo son cerca de 50 mil.<\/p>\n\n\n\n<p>Tambi\u00e9n el Padr\u00f3n Nacional Cafetalero ten\u00eda registradas 135 mil hect\u00e1reas de caf\u00e9 y de ese total s\u00f3lo quedan cerca de 90 mil hect\u00e1reas, donde se espera una buena cosecha.<\/p>\n\n\n\n<p>Uno de los principales problemas que enfrentan es el combate de la roya, un hongo que decolora las hojas hasta secarlas.<\/p>\n\n\n\n<p>Y es que se habla de que las p\u00e9rdidas en Am\u00e9rica Latina se calculan en 30 por ciento de las cosechas, de acuerdo con estudios de los mismos productores.<\/p>\n\n\n\n<p>Ahora se tienen expectativas positivas, ya que la producci\u00f3n de caf\u00e9 en la regi\u00f3n central de Veracruz se ha reportado con excelente florecimiento.<\/p>\n\n\n\n<p>Tambi\u00e9n se garantiza la calidad del caf\u00e9, pues en la entidad hay distintas alturas en las que est\u00e1n las siembras cafetaleras.<\/p>\n","protected":false},"excerpt":{"rendered":"<p>Juan Arcos\u00a0 Coatepec, Ver.- Productores de caf\u00e9 del estado de Veracruz tienen amplias expectativas durante este inicio de la cosecha 2022-2023. De acuerdo con el presidente del Consejo Regional del Caf\u00e9 de Coatepec, Cirio Ruiz Gonz\u00e1lez, la cosecha comenz\u00f3 en la zona baja y podr\u00eda durar hasta febrero o marzo, dependiendo de las condiciones clim\u00e1ticas [&hellip;]<\/p>\n","protected":false},"author":1,"featured_media":33132,"comment_status":"open","ping_status":"open","sticky":false,"template":"","format":"standard","meta":{"_jetpack_memberships_contains_paid_content":false,"footnotes":""},"categories":[8],"tags":[],"class_list":["post-33131","post","type-post","status-publish","format-standard","has-post-thumbnail","hentry","category-region"],"jetpack_featured_media_url":"https:\/\/encuentroinformativo.com.mx\/wp-content\/uploads\/2022\/10\/D924A7FA-24CF-4BBD-8A3E-EBBE2AE5D0CD.jpeg","jetpack_sharing_enabled":true,"jetpack_likes_enabled":true,"amp_enabled":true,"_links":{"self":[{"href":"https:\/\/encuentroinformativo.com.mx\/index.php?rest_route=\/wp\/v2\/posts\/33131","targetHints":{"allow":["GET"]}}],"collection":[{"href":"https:\/\/encuentroinformativo.com.mx\/index.php?rest_route=\/wp\/v2\/posts"}],"about":[{"href":"https:\/\/encuentroinformativo.com.mx\/index.php?rest_route=\/wp\/v2\/types\/post"}],"author":[{"embeddable":true,"href":"https:\/\/encuentroinformativo.com.mx\/index.php?rest_route=\/wp\/v2\/users\/1"}],"replies":[{"embeddable":true,"href":"https:\/\/encuentroinformativo.com.mx\/index.php?rest_route=%2Fwp%2Fv2%2Fcomments&post=33131"}],"version-history":[{"count":1,"href":"https:\/\/encuentroinformativo.com.mx\/index.php?rest_route=\/wp\/v2\/posts\/33131\/revisions"}],"predecessor-version":[{"id":33133,"href":"https:\/\/encuentroinformativo.com.mx\/index.php?rest_route=\/wp\/v2\/posts\/33131\/revisions\/33133"}],"wp:featuredmedia":[{"embeddable":true,"href":"https:\/\/encuentroinformativo.com.mx\/index.php?rest_route=\/wp\/v2\/media\/33132"}],"wp:attachment":[{"href":"https:\/\/encuentroinformativo.com.mx\/index.php?rest_route=%2Fwp%2Fv2%2Fmedia&parent=33131"}],"wp:term":[{"taxonomy":"category","embeddable":true,"href":"https:\/\/encuentroinformativo.com.mx\/index.php?rest_route=%2Fwp%2Fv2%2Fcategories&post=33131"},{"taxonomy":"post_tag","embeddable":true,"href":"https:\/\/encuentroinformativo.com.mx\/index.php?rest_route=%2Fwp%2Fv2%2Ftags&post=33131"}],"curies":[{"name":"wp","href":"https:\/\/api.w.org\/{rel}","templated":true}]}}