{"id":33134,"date":"2022-10-27T08:36:11","date_gmt":"2022-10-27T13:36:11","guid":{"rendered":"https:\/\/encuentroinformativo.com.mx\/?p=33134"},"modified":"2022-10-27T08:36:15","modified_gmt":"2022-10-27T13:36:15","slug":"morena-antes-y-despues","status":"publish","type":"post","link":"https:\/\/encuentroinformativo.com.mx\/?p=33134","title":{"rendered":"MORENA, ANTES Y DESPU\u00c9S"},"content":{"rendered":"\n<p><strong>Los Pol\u00edticos<\/strong><\/p>\n\n\n\n<p><strong>Salvador Mu\u00f1oz<\/strong><\/p>\n\n\n\n<p>A Morena hay que verlo desde dos escenarios.<\/p>\n\n\n\n<p>El primero, a partir del 2018, cuando se da este fen\u00f3meno que se llam\u00f3 \u201cEfecto AMLO\u201d.<\/p>\n\n\n\n<p>Es sumamente relevante este Efecto AMLO porque muchos que fueron favorecidos por el arrastre del candidato L\u00f3pez Obrador en diversos cargos, que van desde Senadur\u00edas, curules federales y locales, gubernaturas y otros cargos, adolec\u00edan y adolecen de oficio pol\u00edtico y si me apuran, hasta de cultura general.<\/p>\n\n\n\n<p>La curva de aprendizaje les cost\u00f3 burlas, ofensas y motes que s\u00f3lo la mayor\u00eda aplastante hizo que literalmente \u201cles valiera\u201d y \u201cles valga\u201d sus dislates y desplantes; adem\u00e1s, el tener un sujeto como el Presidente que gusta llevar la agenda medi\u00e1tica y de lo cual es un experto, les dio escuela: \u201cNo somos iguales\u201d, \u201csomos honestos\u201d, \u201cHip\u00f3critas\u201d, \u201cLa culpa, de antecesores\u201d, y una cantidad de cantaletas aderezadas con un Benito Bodoque, un Chico Ch\u00e9, un Me Canso Ganso, etc\u00e9tera, etc\u00e9tera\u2026<\/p>\n\n\n\n<p>En s\u00ed, el Presidente supo capitalizar su Efecto hasta el 2021 con todo y se\u00f1alamientos as\u00ed como yerros, a la vez que va consolidando su estructura pol\u00edtica en diversos puntos del pa\u00eds v\u00eda gubernaturas cuya cereza del pastel se dio apenas, hace algunos meses en otras entidades para tener el control de 22 estados\u2026&nbsp;<\/p>\n\n\n\n<p>El segundo escenario empieza en el 2023.<\/p>\n\n\n\n<p>Es impensable que el Presidente L\u00f3pez Obrador se atenga al Efecto AMLO este 2023\u2026 ser\u00eda arriesgarse mucho aunque ahora, la ventaja es lo que viene armando desde que inici\u00f3 su gobierno: el andamiaje para hacerse del control pol\u00edtico no s\u00f3lo para este 2024, sino pensando m\u00ednimo en un 2030 y 2036\u2026 Recuerden que el fin de obtener el poder es mantener el poder.<\/p>\n\n\n\n<p>Claro que para ir consolidando este proyecto, si quiere ir coron\u00e1ndolo, Morena debe ganar el Estado de M\u00e9xico el pr\u00f3ximo a\u00f1o. El triunfo en esa elecci\u00f3n es el tama\u00f1o no de la ambici\u00f3n de L\u00f3pez Obrador, sino del proyecto que pretende en su af\u00e1n de cristalizar lo que llama la Cuarta Transformaci\u00f3n siendo \u00e9l la figura principal, queriendo estar en la historia a la altura de Benito Ju\u00e1rez, del General C\u00e1rdenas o Ruiz Cortines.<\/p>\n\n\n\n<p>Teniendo en la mano al Estado de M\u00e9xico, el 2024 estar\u00e1 m\u00e1s que cantado porque el ensayo electoral entonces sabr\u00e1 que ha funcionado\u2026<\/p>\n\n\n\n<p>No es que est\u00e9 a favor de Morena, sino simplemente les platico un proceso pol\u00edtico natural que no es nuevo para nosotros\u2026 all\u00ed est\u00e1n los m\u00e1s de 80 a\u00f1os de hegemon\u00eda del PRI donde la alternancia no era parte de su vocabulario\u2026 o los dos sexenios del PAN en este siglo\u2026 hoy le toca a Morena estar en el poder\u2026 Me gustar\u00eda decir y poner que \u201cha de estar ah\u00ed, hasta que el Pueblo lo decida\u201d. Pero si algo, en estos casi cuatro a\u00f1os ha mostrado el Presidente, es que \u201cel Pueblo es \u00e9l\u201d&#8230; que&nbsp; no \u201cEl Estado soy yo\u201d; y ojo\u2026 porque si en el 2023 triunfa y en el 2024, se consolida su \u201cCuarta Transformaci\u00f3n\u201d, ya no ser\u00e1 necesario el Efecto AMLO\u2026 El Sistema se encargar\u00e1 de todo, de que la maquinaria en Juzgados, en Tribunales, en el INE, en todo M\u00e9xico funcione \u201ccomo el Pueblo decida\u201d&#8230;<\/p>\n","protected":false},"excerpt":{"rendered":"<p>Los Pol\u00edticos Salvador Mu\u00f1oz A Morena hay que verlo desde dos escenarios. El primero, a partir del 2018, cuando se da este fen\u00f3meno que se llam\u00f3 \u201cEfecto AMLO\u201d. Es sumamente relevante este Efecto AMLO porque muchos que fueron favorecidos por el arrastre del candidato L\u00f3pez Obrador en diversos cargos, que van desde Senadur\u00edas, curules federales [&hellip;]<\/p>\n","protected":false},"author":1,"featured_media":387,"comment_status":"open","ping_status":"open","sticky":false,"template":"","format":"standard","meta":{"_jetpack_memberships_contains_paid_content":false,"footnotes":""},"categories":[11],"tags":[],"class_list":["post-33134","post","type-post","status-publish","format-standard","has-post-thumbnail","hentry","category-opinion"],"jetpack_featured_media_url":"https:\/\/encuentroinformativo.com.mx\/wp-content\/uploads\/2020\/03\/7CF8A22B-2764-47BE-8F7F-38FE9E5D6A2F.jpeg","jetpack_sharing_enabled":true,"jetpack_likes_enabled":true,"amp_enabled":true,"_links":{"self":[{"href":"https:\/\/encuentroinformativo.com.mx\/index.php?rest_route=\/wp\/v2\/posts\/33134","targetHints":{"allow":["GET"]}}],"collection":[{"href":"https:\/\/encuentroinformativo.com.mx\/index.php?rest_route=\/wp\/v2\/posts"}],"about":[{"href":"https:\/\/encuentroinformativo.com.mx\/index.php?rest_route=\/wp\/v2\/types\/post"}],"author":[{"embeddable":true,"href":"https:\/\/encuentroinformativo.com.mx\/index.php?rest_route=\/wp\/v2\/users\/1"}],"replies":[{"embeddable":true,"href":"https:\/\/encuentroinformativo.com.mx\/index.php?rest_route=%2Fwp%2Fv2%2Fcomments&post=33134"}],"version-history":[{"count":1,"href":"https:\/\/encuentroinformativo.com.mx\/index.php?rest_route=\/wp\/v2\/posts\/33134\/revisions"}],"predecessor-version":[{"id":33135,"href":"https:\/\/encuentroinformativo.com.mx\/index.php?rest_route=\/wp\/v2\/posts\/33134\/revisions\/33135"}],"wp:featuredmedia":[{"embeddable":true,"href":"https:\/\/encuentroinformativo.com.mx\/index.php?rest_route=\/wp\/v2\/media\/387"}],"wp:attachment":[{"href":"https:\/\/encuentroinformativo.com.mx\/index.php?rest_route=%2Fwp%2Fv2%2Fmedia&parent=33134"}],"wp:term":[{"taxonomy":"category","embeddable":true,"href":"https:\/\/encuentroinformativo.com.mx\/index.php?rest_route=%2Fwp%2Fv2%2Fcategories&post=33134"},{"taxonomy":"post_tag","embeddable":true,"href":"https:\/\/encuentroinformativo.com.mx\/index.php?rest_route=%2Fwp%2Fv2%2Ftags&post=33134"}],"curies":[{"name":"wp","href":"https:\/\/api.w.org\/{rel}","templated":true}]}}