{"id":33141,"date":"2022-10-27T13:20:03","date_gmt":"2022-10-27T18:20:03","guid":{"rendered":"https:\/\/encuentroinformativo.com.mx\/?p=33141"},"modified":"2022-10-27T13:20:07","modified_gmt":"2022-10-27T18:20:07","slug":"denuncian-a-pastor-de-iglesia-de-coatepec-por-presunta-pederastia","status":"publish","type":"post","link":"https:\/\/encuentroinformativo.com.mx\/?p=33141","title":{"rendered":"Denuncian a pastor de iglesia de Coatepec por presunta pederastia"},"content":{"rendered":"\n<p><strong>Alejandro \u00c1vila<\/strong><\/p>\n\n\n\n<p>Coatepec, Ver.- Ante la Fiscal\u00eda Primera Especializada en la Investigaci\u00f3n de Delitos de Violencia contra la Familia fue denunciado un Pastor de la Iglesia Cristiana del por el presunto delito de pederastia.<\/p>\n\n\n\n<p>El recinto religioso se ubica en la calle Justo Sierra en el municipio de Coatepec; ies donde Carlos &#8220;N&#8221; presuntamente habr\u00eda perpetrado el abuso sobre una menor de edad.<\/p>\n\n\n\n<p>Seg\u00fan la denuncia que qued\u00f3 registrada en la carpeta de investigaci\u00f3n COA\/DXII\/FEMUJ\/FE1\/133\/202, el representante religioso habr\u00eda estado abusando de la menor de 16 a\u00f1os desde que ella ten\u00eda 15.<\/p>\n\n\n\n<p>El padre de la menor qui\u00e9n pidi\u00f3 el resguardo de su identidad, se\u00f1al\u00f3 que a pesar de que la peque\u00f1a le hab\u00eda comentado lo sucedido a su madre&nbsp; est\u00e1 en un inicio no le crey\u00f3.<\/p>\n\n\n\n<p>La joven agredida mencion\u00f3 en su declaraci\u00f3n ante la Fiscal\u00eda que los hechos ocurr\u00edan en las oficinas de la iglesia cristiana.<\/p>\n\n\n\n<p>Ante esta situaci\u00f3n el padre de la menor solicit\u00f3 a la Fiscal\u00eda del Estado de Veracruz se realicen las indagatorias correspondientes y caiga todo el peso de la ley sobre el cl\u00e9rigo en caso de comprobarse el abuso.<\/p>\n","protected":false},"excerpt":{"rendered":"<p>Alejandro \u00c1vila Coatepec, Ver.- Ante la Fiscal\u00eda Primera Especializada en la Investigaci\u00f3n de Delitos de Violencia contra la Familia fue denunciado un Pastor de la Iglesia Cristiana del por el presunto delito de pederastia. El recinto religioso se ubica en la calle Justo Sierra en el municipio de Coatepec; ies donde Carlos &#8220;N&#8221; presuntamente habr\u00eda [&hellip;]<\/p>\n","protected":false},"author":1,"featured_media":33140,"comment_status":"open","ping_status":"open","sticky":false,"template":"","format":"standard","meta":{"_jetpack_memberships_contains_paid_content":false,"footnotes":""},"categories":[8],"tags":[],"class_list":["post-33141","post","type-post","status-publish","format-standard","has-post-thumbnail","hentry","category-region"],"jetpack_featured_media_url":"https:\/\/encuentroinformativo.com.mx\/wp-content\/uploads\/2022\/10\/EA4D9CBB-F499-484B-9DBA-B5DDF3862AD0.jpeg","jetpack_sharing_enabled":true,"jetpack_likes_enabled":true,"amp_enabled":true,"_links":{"self":[{"href":"https:\/\/encuentroinformativo.com.mx\/index.php?rest_route=\/wp\/v2\/posts\/33141","targetHints":{"allow":["GET"]}}],"collection":[{"href":"https:\/\/encuentroinformativo.com.mx\/index.php?rest_route=\/wp\/v2\/posts"}],"about":[{"href":"https:\/\/encuentroinformativo.com.mx\/index.php?rest_route=\/wp\/v2\/types\/post"}],"author":[{"embeddable":true,"href":"https:\/\/encuentroinformativo.com.mx\/index.php?rest_route=\/wp\/v2\/users\/1"}],"replies":[{"embeddable":true,"href":"https:\/\/encuentroinformativo.com.mx\/index.php?rest_route=%2Fwp%2Fv2%2Fcomments&post=33141"}],"version-history":[{"count":1,"href":"https:\/\/encuentroinformativo.com.mx\/index.php?rest_route=\/wp\/v2\/posts\/33141\/revisions"}],"predecessor-version":[{"id":33142,"href":"https:\/\/encuentroinformativo.com.mx\/index.php?rest_route=\/wp\/v2\/posts\/33141\/revisions\/33142"}],"wp:featuredmedia":[{"embeddable":true,"href":"https:\/\/encuentroinformativo.com.mx\/index.php?rest_route=\/wp\/v2\/media\/33140"}],"wp:attachment":[{"href":"https:\/\/encuentroinformativo.com.mx\/index.php?rest_route=%2Fwp%2Fv2%2Fmedia&parent=33141"}],"wp:term":[{"taxonomy":"category","embeddable":true,"href":"https:\/\/encuentroinformativo.com.mx\/index.php?rest_route=%2Fwp%2Fv2%2Fcategories&post=33141"},{"taxonomy":"post_tag","embeddable":true,"href":"https:\/\/encuentroinformativo.com.mx\/index.php?rest_route=%2Fwp%2Fv2%2Ftags&post=33141"}],"curies":[{"name":"wp","href":"https:\/\/api.w.org\/{rel}","templated":true}]}}