{"id":33152,"date":"2022-10-27T13:47:10","date_gmt":"2022-10-27T18:47:10","guid":{"rendered":"https:\/\/encuentroinformativo.com.mx\/?p=33152"},"modified":"2022-10-27T13:47:17","modified_gmt":"2022-10-27T18:47:17","slug":"transportistas-se-manifiestan-afuera-de-constellation-brands","status":"publish","type":"post","link":"https:\/\/encuentroinformativo.com.mx\/?p=33152","title":{"rendered":"Transportistas se manifiestan afuera de Constellation Brands"},"content":{"rendered":"\n<p><strong>Alejandro \u00c1vila<\/strong><\/p>\n\n\n\n<p>Veracruz, Ver.- Integrantes de diversos sindicatos de transporte de carga se manifestaron la ma\u00f1ana de este jueves a las afueras de donde se instalar\u00e1 la empresa cervecera Constellation Brands en la localidad de Vargas perteneciente al municipio de Veracruz.<\/p>\n\n\n\n<p>Los quejosos solicitan a la empresa transnacional contratar mano de obra veracruzana.<\/p>\n\n\n\n<p>Jos\u00e9 Alberto Carri\u00f3n Ruiz, secretario general de Construcci\u00f3n de la Asociaci\u00f3n Sindical de Trabajadores Veracruzanos, asegur\u00f3 que en Veracruz hay la mano de obra preparada y el equipo suficiente para cumplir con los trabajos, por lo que pidi\u00f3 a la empresa cervecera no dejarlos de lado.<\/p>\n\n\n\n<p>\u201cTenemos el personal capacitado y las unidades concesionadas que ellos requieran para el desarrollo de su proyecto. Ya sea pipas, transporte de personal, todo. Los diferentes trabajos que ellos van a construir en la planta&#8221;, apunt\u00f3.<\/p>\n\n\n\n<p>El secretario general de Construcci\u00f3n de la Asociaci\u00f3n Sindical de Trabajadores Veracruzanos, mencion\u00f3 que han intentado acercarse a dialogar con la empresa, sin embargo, hasta ahora no han obtenido respuesta.<\/p>\n\n\n\n<p>\u201cMuchas veces nos acercamos a la empresa solicitando y manifestando el benepl\u00e1cito de que inviertan aqu\u00ed pero no encontramos respuesta&#8221;.<\/p>\n","protected":false},"excerpt":{"rendered":"<p>Alejandro \u00c1vila Veracruz, Ver.- Integrantes de diversos sindicatos de transporte de carga se manifestaron la ma\u00f1ana de este jueves a las afueras de donde se instalar\u00e1 la empresa cervecera Constellation Brands en la localidad de Vargas perteneciente al municipio de Veracruz. Los quejosos solicitan a la empresa transnacional contratar mano de obra veracruzana. Jos\u00e9 Alberto [&hellip;]<\/p>\n","protected":false},"author":1,"featured_media":33153,"comment_status":"open","ping_status":"open","sticky":false,"template":"","format":"standard","meta":{"_jetpack_memberships_contains_paid_content":false,"footnotes":""},"categories":[2],"tags":[],"class_list":["post-33152","post","type-post","status-publish","format-standard","has-post-thumbnail","hentry","category-estado"],"jetpack_featured_media_url":"https:\/\/encuentroinformativo.com.mx\/wp-content\/uploads\/2022\/10\/E823F005-A081-464D-A5CE-738BFD83100A.jpeg","jetpack_sharing_enabled":true,"jetpack_likes_enabled":true,"amp_enabled":true,"_links":{"self":[{"href":"https:\/\/encuentroinformativo.com.mx\/index.php?rest_route=\/wp\/v2\/posts\/33152","targetHints":{"allow":["GET"]}}],"collection":[{"href":"https:\/\/encuentroinformativo.com.mx\/index.php?rest_route=\/wp\/v2\/posts"}],"about":[{"href":"https:\/\/encuentroinformativo.com.mx\/index.php?rest_route=\/wp\/v2\/types\/post"}],"author":[{"embeddable":true,"href":"https:\/\/encuentroinformativo.com.mx\/index.php?rest_route=\/wp\/v2\/users\/1"}],"replies":[{"embeddable":true,"href":"https:\/\/encuentroinformativo.com.mx\/index.php?rest_route=%2Fwp%2Fv2%2Fcomments&post=33152"}],"version-history":[{"count":1,"href":"https:\/\/encuentroinformativo.com.mx\/index.php?rest_route=\/wp\/v2\/posts\/33152\/revisions"}],"predecessor-version":[{"id":33154,"href":"https:\/\/encuentroinformativo.com.mx\/index.php?rest_route=\/wp\/v2\/posts\/33152\/revisions\/33154"}],"wp:featuredmedia":[{"embeddable":true,"href":"https:\/\/encuentroinformativo.com.mx\/index.php?rest_route=\/wp\/v2\/media\/33153"}],"wp:attachment":[{"href":"https:\/\/encuentroinformativo.com.mx\/index.php?rest_route=%2Fwp%2Fv2%2Fmedia&parent=33152"}],"wp:term":[{"taxonomy":"category","embeddable":true,"href":"https:\/\/encuentroinformativo.com.mx\/index.php?rest_route=%2Fwp%2Fv2%2Fcategories&post=33152"},{"taxonomy":"post_tag","embeddable":true,"href":"https:\/\/encuentroinformativo.com.mx\/index.php?rest_route=%2Fwp%2Fv2%2Ftags&post=33152"}],"curies":[{"name":"wp","href":"https:\/\/api.w.org\/{rel}","templated":true}]}}