{"id":33155,"date":"2022-10-27T13:54:15","date_gmt":"2022-10-27T18:54:15","guid":{"rendered":"https:\/\/encuentroinformativo.com.mx\/?p=33155"},"modified":"2022-10-27T13:54:19","modified_gmt":"2022-10-27T18:54:19","slug":"estudiantes-cierran-facultad-de-ciencias-de-la-salud-en-poza-rica","status":"publish","type":"post","link":"https:\/\/encuentroinformativo.com.mx\/?p=33155","title":{"rendered":"Estudiantes &#8220;cierran&#8221; Facultad de Ciencias de la Salud en Poza Rica"},"content":{"rendered":"\n<p><strong>Alejandro \u00c1vila<\/strong><\/p>\n\n\n\n<p>Poza Rica, Ver.- La Facultad de Ciencias de la Salud de la Universidad Veracruzana sede Poza Rica fue bloqueada por sus estudiantes, debido a ciertas inconformidades con el personal administrativo.<\/p>\n\n\n\n<p>A decir de los quejosos, les fue prohibido a partir de este jueves 27 de octubre la venta de cualquier mercanc\u00eda al interior del plantel educativo.<\/p>\n\n\n\n<p>Los estudiantes acusaron que el vigilante de la Facultad les confisc\u00f3 alimentos, dulces y postres, mismos que los j\u00f3venes comercializaban al interior del plantel educativo; todo esto, presuntamente por \u00f3rdenes del personal administrativo de las carreras de Odontolog\u00eda, Medicina, Psicolog\u00eda y Enfermer\u00eda.<\/p>\n\n\n\n<p>Se\u00f1alan que el encargado de seguridad les coment\u00f3 que no exist\u00eda un permiso para que pudieran vender dentro de las instalaciones; sin embargo&nbsp; los j\u00f3venes argumentaron que nunca les fue notificada esa situaci\u00f3n.<\/p>\n\n\n\n<p>Ante est\u00e1 presunta arbitrariedad, los estudiantes decidir\u00e1n bloquear el acceso a las Facultades de Ciencias de la Salud; pues se\u00f1alan qu\u00e9 con estas ventas logran ayudarse un poco en sus gastos, adem\u00e1s de que el resto de sus compa\u00f1eros est\u00e1 satisfechos con su vendimia.<\/p>\n\n\n\n<p>Los estudiantes afectados destacaron que diariamente obtienen entre 100 y 150 pesos, los cuales les sirve para pagar sus pasajes y comidas, por ello solicitaron a las autoridades escolares mayor empat\u00eda con su situaci\u00f3n econ\u00f3mica.<\/p>\n","protected":false},"excerpt":{"rendered":"<p>Alejandro \u00c1vila Poza Rica, Ver.- La Facultad de Ciencias de la Salud de la Universidad Veracruzana sede Poza Rica fue bloqueada por sus estudiantes, debido a ciertas inconformidades con el personal administrativo. A decir de los quejosos, les fue prohibido a partir de este jueves 27 de octubre la venta de cualquier mercanc\u00eda al interior [&hellip;]<\/p>\n","protected":false},"author":1,"featured_media":33156,"comment_status":"open","ping_status":"open","sticky":false,"template":"","format":"standard","meta":{"_jetpack_memberships_contains_paid_content":false,"footnotes":""},"categories":[2],"tags":[],"class_list":["post-33155","post","type-post","status-publish","format-standard","has-post-thumbnail","hentry","category-estado"],"jetpack_featured_media_url":"https:\/\/encuentroinformativo.com.mx\/wp-content\/uploads\/2022\/10\/67C05AA9-45F7-4FFC-901C-73FDD79D25E5.jpeg","jetpack_sharing_enabled":true,"jetpack_likes_enabled":true,"amp_enabled":true,"_links":{"self":[{"href":"https:\/\/encuentroinformativo.com.mx\/index.php?rest_route=\/wp\/v2\/posts\/33155","targetHints":{"allow":["GET"]}}],"collection":[{"href":"https:\/\/encuentroinformativo.com.mx\/index.php?rest_route=\/wp\/v2\/posts"}],"about":[{"href":"https:\/\/encuentroinformativo.com.mx\/index.php?rest_route=\/wp\/v2\/types\/post"}],"author":[{"embeddable":true,"href":"https:\/\/encuentroinformativo.com.mx\/index.php?rest_route=\/wp\/v2\/users\/1"}],"replies":[{"embeddable":true,"href":"https:\/\/encuentroinformativo.com.mx\/index.php?rest_route=%2Fwp%2Fv2%2Fcomments&post=33155"}],"version-history":[{"count":1,"href":"https:\/\/encuentroinformativo.com.mx\/index.php?rest_route=\/wp\/v2\/posts\/33155\/revisions"}],"predecessor-version":[{"id":33157,"href":"https:\/\/encuentroinformativo.com.mx\/index.php?rest_route=\/wp\/v2\/posts\/33155\/revisions\/33157"}],"wp:featuredmedia":[{"embeddable":true,"href":"https:\/\/encuentroinformativo.com.mx\/index.php?rest_route=\/wp\/v2\/media\/33156"}],"wp:attachment":[{"href":"https:\/\/encuentroinformativo.com.mx\/index.php?rest_route=%2Fwp%2Fv2%2Fmedia&parent=33155"}],"wp:term":[{"taxonomy":"category","embeddable":true,"href":"https:\/\/encuentroinformativo.com.mx\/index.php?rest_route=%2Fwp%2Fv2%2Fcategories&post=33155"},{"taxonomy":"post_tag","embeddable":true,"href":"https:\/\/encuentroinformativo.com.mx\/index.php?rest_route=%2Fwp%2Fv2%2Ftags&post=33155"}],"curies":[{"name":"wp","href":"https:\/\/api.w.org\/{rel}","templated":true}]}}