{"id":33161,"date":"2022-10-27T14:24:47","date_gmt":"2022-10-27T19:24:47","guid":{"rendered":"https:\/\/encuentroinformativo.com.mx\/?p=33161"},"modified":"2022-10-27T14:24:51","modified_gmt":"2022-10-27T19:24:51","slug":"en-boca-del-rio-lo-mejor-es-vivir-nuestras-tradiciones-alcalde-jm-unanue","status":"publish","type":"post","link":"https:\/\/encuentroinformativo.com.mx\/?p=33161","title":{"rendered":"En Boca del R\u00edo, \u00a1lo mejor es vivir nuestras tradiciones!: Alcalde JM Un\u00e1nue"},"content":{"rendered":"\n<p><strong>*<em>Este 1 y 2 de noviembre se llevar\u00e1n distintas actividades con motivo del D\u00eda de Muertos en la cabecera municipal<\/em>.<\/strong><\/p>\n\n\n\n<p>Boca del R\u00edo, Ver.- En Boca del R\u00edo se realizar\u00e1 un merecido homenaje a los que ya han partido, pero muy importante, celebramos la vida, indic\u00f3 el Alcalde Juan Manuel Un\u00e1nue Abascal, previo al D\u00eda de Muertos.<\/p>\n\n\n\n<p>Por ello, el Ayuntamiento boque\u00f1o, presenta una serie de actividades, con las que se enaltece una de las fiestas mexicanas con mayor tradici\u00f3n, destacando la unidad familiar, adem\u00e1s de reforzar la cultura ancestral, esto durante el 01 y 02 de noviembre.<\/p>\n\n\n\n<p>\u201cLo mejor es vivir nuestras tradiciones, por ello vamos a tener una serie de actividades por motivo del D\u00eda de Muertos, invitamos a todas las boque\u00f1as y boque\u00f1os a que acudan, estas actividades ser\u00e1n gratuitas para el disfrute de todos\u201d, enfatiz\u00f3 Un\u00e1nue Abascal.<\/p>\n\n\n\n<p>El martes 01 de noviembre, se dar\u00e1 inicio con la muestra de altares de muertos en Bajos del Palacio Municipal, Registro Civil y andador peatonal de la Avenida Revoluci\u00f3n a partir de las 10 de la ma\u00f1ana.<\/p>\n\n\n\n<p><em>Actividades 01 de noviembre:<\/em><\/p>\n\n\n\n<p><em>16:00 hrs. Exposici\u00f3n gastron\u00f3mica<\/em><br>Lugar: Plaza C\u00edvica de Boca del R\u00edo<br><em>16:00 hrs. Proyecci\u00f3n de la pel\u00edcula \u201cCoco\u201d<\/em><br>Lugar: Teatro Fernando Guti\u00e9rrez Barrios<br><em>18:30 hrs. Prende una luz a t\u00fa difunto<\/em><br>Lugar: Fuente de la Plaza C\u00edvica de Boca del R\u00edo<br><em>19:00 hrs. Presentaciones Art\u00edsticas Musicales y Calaveritas Literarias<\/em><br>Lugar: Plaza C\u00edvica de Boca del R\u00edo<\/p>\n\n\n\n<p><em>Actividades 02 de noviembre:<\/em><\/p>\n\n\n\n<p><em>10:00 hrs. Bendici\u00f3n del Altar de Muertos de Revoluci\u00f3n<\/em><br>Lugar: Andador peatonal avenida Revoluci\u00f3n entre Zamora e Independencia<br><em>16:00 hrs. Exposici\u00f3n gastron\u00f3mica<\/em><br>Lugar: Plaza C\u00edvica de Boca del R\u00edo<br><em>16:00 hrs. Proyecci\u00f3n de la pel\u00edcula \u201cEl libro de la vida\u201d<\/em><br>Lugar: Teatro Fernando Guti\u00e9rrez Barrios<br><em>18:00 hrs. Desfile de Catrinas<\/em><br>Lugar: Avenida Veracruz-Independencia-Revoluci\u00f3n-Plaza C\u00edvica de Boca del R\u00edo<br><em>19:00 hrs. Presentaciones art\u00edsticas y entrega de reconocimientos a participantes de la muestra de altares.<\/em><br>Lugar: Plaza C\u00edvica de Boca del R\u00edo<\/p>\n\n\n\n<p>La autoridad municipal, inform\u00f3 que se han realizado trabajos de limpieza en los dos panteones de Boca del R\u00edo, los cuales, durante estos d\u00edas de celebraci\u00f3n, contar\u00e1n adem\u00e1s de la vigilancia de la Polic\u00eda Municipal, por lo que pueden ser visitados en un horario de 8 de la ma\u00f1ana a 5 de la tarde.<\/p>\n\n\n\n<p>Finalmente, se hace del conocimiento a los ciudadanos que visiten los cementerios, que de acuerdo al \u201cReglamento de Panteones del Municipio de Boca del R\u00edo\u201d, queda prohibida la instalaci\u00f3n y\/o construcci\u00f3n de maceteros, floreros o cualquier otro tipo de monumento o recipiente en que se pueda almacenar agua, esto para evitar la proliferaci\u00f3n del mosquito Aedes Aegypti, transmisor del virus del Dengue.<\/p>\n\n\n\n<figure class=\"wp-block-image size-large\"><img loading=\"lazy\" decoding=\"async\" width=\"662\" height=\"1024\" src=\"https:\/\/encuentroinformativo.com.mx\/wp-content\/uploads\/2022\/10\/392520B6-C9A1-4AEB-B787-C480D966079D-662x1024.jpeg\" alt=\"\" class=\"wp-image-33163\" srcset=\"https:\/\/encuentroinformativo.com.mx\/wp-content\/uploads\/2022\/10\/392520B6-C9A1-4AEB-B787-C480D966079D-662x1024.jpeg 662w, https:\/\/encuentroinformativo.com.mx\/wp-content\/uploads\/2022\/10\/392520B6-C9A1-4AEB-B787-C480D966079D-194x300.jpeg 194w, https:\/\/encuentroinformativo.com.mx\/wp-content\/uploads\/2022\/10\/392520B6-C9A1-4AEB-B787-C480D966079D-768x1187.jpeg 768w, https:\/\/encuentroinformativo.com.mx\/wp-content\/uploads\/2022\/10\/392520B6-C9A1-4AEB-B787-C480D966079D.jpeg 828w\" sizes=\"auto, (max-width: 662px) 100vw, 662px\" \/><\/figure>\n","protected":false},"excerpt":{"rendered":"<p>*Este 1 y 2 de noviembre se llevar\u00e1n distintas actividades con motivo del D\u00eda de Muertos en la cabecera municipal. Boca del R\u00edo, Ver.- En Boca del R\u00edo se realizar\u00e1 un merecido homenaje a los que ya han partido, pero muy importante, celebramos la vida, indic\u00f3 el Alcalde Juan Manuel Un\u00e1nue Abascal, previo al D\u00eda [&hellip;]<\/p>\n","protected":false},"author":1,"featured_media":33162,"comment_status":"open","ping_status":"open","sticky":false,"template":"","format":"standard","meta":{"_jetpack_memberships_contains_paid_content":false,"footnotes":""},"categories":[2],"tags":[],"class_list":["post-33161","post","type-post","status-publish","format-standard","has-post-thumbnail","hentry","category-estado"],"jetpack_featured_media_url":"https:\/\/encuentroinformativo.com.mx\/wp-content\/uploads\/2022\/10\/FB55DAA8-FC0D-4C90-82DA-2E96A66270D3.jpeg","jetpack_sharing_enabled":true,"jetpack_likes_enabled":true,"amp_enabled":true,"_links":{"self":[{"href":"https:\/\/encuentroinformativo.com.mx\/index.php?rest_route=\/wp\/v2\/posts\/33161","targetHints":{"allow":["GET"]}}],"collection":[{"href":"https:\/\/encuentroinformativo.com.mx\/index.php?rest_route=\/wp\/v2\/posts"}],"about":[{"href":"https:\/\/encuentroinformativo.com.mx\/index.php?rest_route=\/wp\/v2\/types\/post"}],"author":[{"embeddable":true,"href":"https:\/\/encuentroinformativo.com.mx\/index.php?rest_route=\/wp\/v2\/users\/1"}],"replies":[{"embeddable":true,"href":"https:\/\/encuentroinformativo.com.mx\/index.php?rest_route=%2Fwp%2Fv2%2Fcomments&post=33161"}],"version-history":[{"count":1,"href":"https:\/\/encuentroinformativo.com.mx\/index.php?rest_route=\/wp\/v2\/posts\/33161\/revisions"}],"predecessor-version":[{"id":33164,"href":"https:\/\/encuentroinformativo.com.mx\/index.php?rest_route=\/wp\/v2\/posts\/33161\/revisions\/33164"}],"wp:featuredmedia":[{"embeddable":true,"href":"https:\/\/encuentroinformativo.com.mx\/index.php?rest_route=\/wp\/v2\/media\/33162"}],"wp:attachment":[{"href":"https:\/\/encuentroinformativo.com.mx\/index.php?rest_route=%2Fwp%2Fv2%2Fmedia&parent=33161"}],"wp:term":[{"taxonomy":"category","embeddable":true,"href":"https:\/\/encuentroinformativo.com.mx\/index.php?rest_route=%2Fwp%2Fv2%2Fcategories&post=33161"},{"taxonomy":"post_tag","embeddable":true,"href":"https:\/\/encuentroinformativo.com.mx\/index.php?rest_route=%2Fwp%2Fv2%2Ftags&post=33161"}],"curies":[{"name":"wp","href":"https:\/\/api.w.org\/{rel}","templated":true}]}}