{"id":33174,"date":"2022-10-28T08:46:09","date_gmt":"2022-10-28T13:46:09","guid":{"rendered":"https:\/\/encuentroinformativo.com.mx\/?p=33174"},"modified":"2022-10-28T08:46:14","modified_gmt":"2022-10-28T13:46:14","slug":"bola-8-y-caron-quien-gana","status":"publish","type":"post","link":"https:\/\/encuentroinformativo.com.mx\/?p=33174","title":{"rendered":"BOLA 8 Y CAR\u00d3N, \u00bfQUI\u00c9N GANA?"},"content":{"rendered":"\n<p><strong>Los Pol\u00edticos<\/strong><\/p>\n\n\n\n<p><strong>Salvador Mu\u00f1oz<\/strong><\/p>\n\n\n\n<p>El encuentro, la uni\u00f3n, la alianza, el acuerdo, o como quiera llamarle a esa repentina camarader\u00eda entre Bola 8 y El Car\u00f3n no debe de preocupar a ning\u00fan moreno, sino a la Oposici\u00f3n\u2026 dos fuerzas que hoy, juntas, ni qui\u00e9n las aguante\u2026<\/p>\n\n\n\n<p>Muy independiente de lo que haya ocurrido ya sea al interior de Palacio de Gobierno o en cualquier ente \u201caut\u00f3nomo\u201d donde es seguro que un lector ya puso sus ojos en el Orfis o en el Poder Judicial, el resultado es sumamente ben\u00e9fico para dos bandos, que no bandas\u2026<\/p>\n\n\n\n<p>El primer bando favorecido ha de ser el del Gobernador Cuitl\u00e1huac, primer gan\u00f3n en esta \u201calianza\u201d por llamarla de un modo, entre Bola 8 y Car\u00f3n, bajo el entendido de que han de unificar fuerzas en aras de que el ejercicio de la Gobernanza no s\u00f3lo vaya enfilado a una salida exitosa para Garc\u00eda Jim\u00e9nez, sino de cierta forma, allanar el camino para su candidato o candidata a sucederlo\u2026<\/p>\n\n\n\n<p>El segundo bando favorecido con esta aleaci\u00f3n, es el partido Morena al ser Bola 8 y Car\u00f3n quiz\u00e1s dos de los m\u00e1s influyentes factores entre la militancia\u2026 de esta forma, entonces, desaparecen las camorras, los pleitos, las broncas, las pendencias, la marimorena\u2026 o como eufem\u00edsticamente el mismo Bola 8 y Car\u00f3n lo definen: diferencia de ideas\u2026<\/p>\n\n\n\n<p>\u00bfQu\u00e9 es lo que sigue? ver con qui\u00e9n cuentan y con qui\u00e9n no porque al final, como dijera Esteban Ram\u00edrez Zepeta, cada moreno tiene su corazoncito\u2026 y si bien, \u201ctodos luchan por el Movimiento y por la Cuarta Transformaci\u00f3n\u201d \u00a1Ya est\u00e1n cebados! Es decir, ya saben lo que es comer con manteca \u00a1y ahorita es cuando!<\/p>\n\n\n\n<p>Tanto Bola 8 como Car\u00f3n han de conciliar intereses\u2026 cada uno con su estilo propio y particular de hacer pol\u00edtica\u2026 ah\u00ed s\u00ed no se llega a un acuerdo\u2026 cada quien tiene su manera de matar pulgas.<\/p>\n\n\n\n<p>Habr\u00e1 que ver qu\u00e9 dicen Zenyazen, Manuel Huerta, Lima Franco\u2026 no cito a Roc\u00edo Nahle porque uno supone que el combo Bola 8-Car\u00f3n est\u00e1 dise\u00f1ado para hacer llegar a la candidatura a la zacatecana\u2026<\/p>\n\n\n\n<p>Por supuesto\u2026 Quiz\u00e1s ese mismo bloque cuenque\u00f1o-tuxtleco tenga tambi\u00e9n el fin de frenar de golpe y porrazo cualquier aspiraci\u00f3n de otro moreno: Sergio Guti\u00e9rrez Luna.<\/p>\n\n\n\n<p>Lo m\u00e1s interesante de esta pareja, que de cierto modo, se insiste, son los dos factores m\u00e1s influyentes tanto en torno al gobernador como en la vida pol\u00edtica del Estado, est\u00e1 en saber en s\u00ed, cu\u00e1l fue el acuerdo para que sus diferencias, sus desencuentros, pleitos, broncas, pendencias o marimorenas, o \u201cdiferencia de ideas\u201d, como ellos mismos las definen, quedaran de repente en stand by\u2026<\/p>\n\n\n\n<p>Aunque lo mejor de esto ser\u00e1 saber a qui\u00e9n realmente le favorece, entre estos dos, su alianza\u2026 qui\u00e9n gana al estar al lado de uno y qui\u00e9n pierde al estar del lado del otro\u2026 qui\u00e9n jala y qui\u00e9n es lastre\u2026&nbsp;<\/p>\n","protected":false},"excerpt":{"rendered":"<p>Los Pol\u00edticos Salvador Mu\u00f1oz El encuentro, la uni\u00f3n, la alianza, el acuerdo, o como quiera llamarle a esa repentina camarader\u00eda entre Bola 8 y El Car\u00f3n no debe de preocupar a ning\u00fan moreno, sino a la Oposici\u00f3n\u2026 dos fuerzas que hoy, juntas, ni qui\u00e9n las aguante\u2026 Muy independiente de lo que haya ocurrido ya sea [&hellip;]<\/p>\n","protected":false},"author":1,"featured_media":387,"comment_status":"open","ping_status":"open","sticky":false,"template":"","format":"standard","meta":{"_jetpack_memberships_contains_paid_content":false,"footnotes":""},"categories":[11],"tags":[],"class_list":["post-33174","post","type-post","status-publish","format-standard","has-post-thumbnail","hentry","category-opinion"],"jetpack_featured_media_url":"https:\/\/encuentroinformativo.com.mx\/wp-content\/uploads\/2020\/03\/7CF8A22B-2764-47BE-8F7F-38FE9E5D6A2F.jpeg","jetpack_sharing_enabled":true,"jetpack_likes_enabled":true,"amp_enabled":true,"_links":{"self":[{"href":"https:\/\/encuentroinformativo.com.mx\/index.php?rest_route=\/wp\/v2\/posts\/33174","targetHints":{"allow":["GET"]}}],"collection":[{"href":"https:\/\/encuentroinformativo.com.mx\/index.php?rest_route=\/wp\/v2\/posts"}],"about":[{"href":"https:\/\/encuentroinformativo.com.mx\/index.php?rest_route=\/wp\/v2\/types\/post"}],"author":[{"embeddable":true,"href":"https:\/\/encuentroinformativo.com.mx\/index.php?rest_route=\/wp\/v2\/users\/1"}],"replies":[{"embeddable":true,"href":"https:\/\/encuentroinformativo.com.mx\/index.php?rest_route=%2Fwp%2Fv2%2Fcomments&post=33174"}],"version-history":[{"count":1,"href":"https:\/\/encuentroinformativo.com.mx\/index.php?rest_route=\/wp\/v2\/posts\/33174\/revisions"}],"predecessor-version":[{"id":33175,"href":"https:\/\/encuentroinformativo.com.mx\/index.php?rest_route=\/wp\/v2\/posts\/33174\/revisions\/33175"}],"wp:featuredmedia":[{"embeddable":true,"href":"https:\/\/encuentroinformativo.com.mx\/index.php?rest_route=\/wp\/v2\/media\/387"}],"wp:attachment":[{"href":"https:\/\/encuentroinformativo.com.mx\/index.php?rest_route=%2Fwp%2Fv2%2Fmedia&parent=33174"}],"wp:term":[{"taxonomy":"category","embeddable":true,"href":"https:\/\/encuentroinformativo.com.mx\/index.php?rest_route=%2Fwp%2Fv2%2Fcategories&post=33174"},{"taxonomy":"post_tag","embeddable":true,"href":"https:\/\/encuentroinformativo.com.mx\/index.php?rest_route=%2Fwp%2Fv2%2Ftags&post=33174"}],"curies":[{"name":"wp","href":"https:\/\/api.w.org\/{rel}","templated":true}]}}