{"id":33176,"date":"2022-10-28T09:19:44","date_gmt":"2022-10-28T14:19:44","guid":{"rendered":"https:\/\/encuentroinformativo.com.mx\/?p=33176"},"modified":"2022-10-28T09:19:48","modified_gmt":"2022-10-28T14:19:48","slug":"alcalde-de-altotonga-agrede-a-reportera-hasta-su-casa-le-balearon","status":"publish","type":"post","link":"https:\/\/encuentroinformativo.com.mx\/?p=33176","title":{"rendered":"ALCALDE DE ALTOTONGA AGREDE A REPORTERA; HASTA SU CASA LE BALEARON"},"content":{"rendered":"\n<p><strong>ColumnaSinNombre<br>@pablojair<\/strong><\/p>\n\n\n\n<ul class=\"wp-block-list\"><li>H\u00e9ctor y Carvallo, parte de la Cuarta Transformaci\u00f3n.<\/li><li>Operativo Mochila va en Veracruz: Zenyazen.<\/li><li>Una exagerada carta de despedida.<\/li><\/ul>\n\n\n\n<p>Gracias a la Uni\u00f3n Sovi\u00e9tica ahora podr\u00e9<br>ir de vacaciones a Yugoslavia<br>\u2014Chopenjawer<\/p>\n\n\n\n<p>Algo muy raro est\u00e1 pasando en Altotonga, donde el presidente municipal es Juan Ignacio V. Morales Guevara, mejor conocido como \u201cNacho\u201d Morales.<\/p>\n\n\n\n<p>Aunque Altotonga no es un lugar desarrollado en comercio o industria, ha tenido algunos destellos en cuanto al turismo por lo paradis\u00edaco del lugar (Pancho Poza es un balneario popular) y su clima de monta\u00f1a. Es un peque\u00f1o pueblo enclavado en la regi\u00f3n de Perote y colinda con el estado de Puebla. De hecho, algunos habitantes hacen vida comercial y educativa en Teziutl\u00e1n.<\/p>\n\n\n\n<p>Los gobiernos recientes han estado en una sola familia: los Morales, pues \u201cNacho\u201d es hermano de Carlos Antonio Morales Guevara, ex diputado local, quien tambi\u00e9n presidi\u00f3 el ayuntamiento de 2014 a 2016. De hecho, se comenta que en realidad son los caciques del lugar, quienes controlan esta zona en alianza con el diputado federal Pepe Yunes. Tanta es la cercan\u00eda, que \u201cNacho\u201d Morales ya anda tras la b\u00fasqueda de la diputaci\u00f3n local del PRI en el distrito de Perote.<\/p>\n\n\n\n<p>Resulta que hace unas semanas atr\u00e1s, el alcalde de plano estall\u00f3 por la presencia de una reportera (de quien se reserva el nombre por su seguridad) que le ha estado dando cobertura a sus actividades en el Ayuntamiento; el conflicto escal\u00f3 de tal manera que dio la orden tajante de que la sacaran de un evento que encabezaba.<\/p>\n\n\n\n<p>Seg\u00fan gente cercana a \u201cNacho\u201d, acusan que la reportera es enviada de un enemigo pol\u00edtico, como si eso justificara la fuerza p\u00fablica para arremeter contra ella.<\/p>\n\n\n\n<p>El tema lleg\u00f3 hasta la Comisi\u00f3n Estatal para la Atenci\u00f3n y Protecci\u00f3n de los Periodistas (Ceapp), quien tiene el caso en sus manos.<\/p>\n\n\n\n<p>Pero el asunto no acab\u00f3 ah\u00ed\u2026<\/p>\n\n\n\n<p>Resulta que d\u00edas despu\u00e9s de la agresi\u00f3n sufrida, a la reportera le fueron a disparar balazos a su casa por la noche. No hubo mensaje, no hab\u00eda cartulina. S\u00f3lo balazos.<\/p>\n\n\n\n<p>Pero lo m\u00e1s pat\u00e9tico del asunto: testigos dicen tener fotograf\u00edas de cuando polic\u00edas municipales fueron a levantar los casquillos que se encontraban tirados en la escena.<\/p>\n\n\n\n<p>Luego entonces, la sospecha m\u00e1s obvia es en contra del presidente municipal.<\/p>\n\n\n\n<p>\u00bfDe plano a \u201cNacho\u201d Morales se le habr\u00e1 botado la canica como para llegar a ese nivel?<\/p>\n\n\n\n<p>S\u00ed, es sabido que as\u00ed les gusta actuar por all\u00e1 en esos lares, pues por a\u00f1os han vivido o tenido esa forma de vida muy al estilo de hacendados, con pistoleros y toda la cosa (a \u201cNacho\u201d le llegu\u00e9 a contar hasta 8 guaruras, que se mueven en un convoy de tres camionetas).<\/p>\n\n\n\n<p>Se les olvida que ya no son los mismos tiempos ni tienen la misma fuerza, y as\u00ed como si nada, dicen que la denuncia de la periodista va caminando y puede dar una sorpresa inesperada en Altotonga.<\/p>\n\n\n\n<p>Al tiempo.<\/p>\n\n\n\n<p><strong>NOTA PARA PEGAR EN EL REFRI: <\/strong>Escuchado en la Sala de Prensa del PRI, mientras nos ech\u00e1bamos un tamalito luego de la presentaci\u00f3n del altar de muertos dedicados a periodistas: \u201cMiren, Carvallo tambi\u00e9n es parte de la Cuarta Transformaci\u00f3n: se transform\u00f3 la barba, los ojos, los p\u00f3mulos\u2026 Tambi\u00e9n el H\u00e9ctor es parte de la misma\u201d\u2026 Y s\u00ed, todos bien botados (k-gados) de la risa.<\/p>\n\n\n\n<p><strong>OTRA NOTA: <\/strong>Con la autorizaci\u00f3n de padres y madres de familia ya comenzar\u00e1 el \u201cOperativo Mochila\u201d en el estado de Veracruz. Actualmente ya se implementa en Poza Rica, Mart\u00ednez de la Torre y pr\u00f3ximamente en R\u00edo Blanco, sin afectar los derechos humanos de los estudiantes. En entrevista, el titular de la Secretar\u00eda de Educaci\u00f3n de Veracruz (SEV), Zenyazen Escobar Garc\u00eda, se\u00f1al\u00f3 que dicho operativo iniciar\u00e1 en Educaci\u00f3n Media y Superior \u2014es decir secundaria y bachillerato\u2014 con el apoyo de la Secretar\u00eda de Seguridad P\u00fablica (SSP)\u2026 \u201cDecirles que ya hay escuelas donde lo est\u00e1n implementando en Mart\u00ednez de la Torre y Poza Rica, pr\u00f3ximamente en R\u00edo Blanco tambi\u00e9n, no podemos estarles diciendo donde se har\u00e1 el operativo porque es tambi\u00e9n alertarlos\u201d, dijo\u2026 En ese sentido, el secretario explic\u00f3 que quienes revisan las mochilas son los padres y madres de familia, quienes si llegan a encontrar algo se lo informan a SSP que se encuentra cerca del plantel sin afectar el ambiente educativo. Informaci\u00f3n de Karla M\u00e9ndez.<\/p>\n\n\n\n<p><strong>LA \u00daLTIMA PORQUE TARDE PARA RECORDAR: <\/strong>Era un simple catador de flatulencias, siempre pegado al trasero de su jefe, pero se cre\u00eda alto mando de la ESE-ESE-PE\u2026 En su carta evidencia que le cost\u00f3 trabajo dejar el cargo: no lo pod\u00eda creer, no lo aceptaba; le peg\u00f3 dur\u00edsimo la \u201crenuncia\u201d obligada en un mal momento donde su patroncito tambi\u00e9n \u201crenunci\u00f3\u201d luego de ser exhibido con mensajazo en la conferencia de prensa en Palacio Nacional, con todo y cintillo negro en los ojos, tratado como un delincuente\u2026 Luego, lo peor, la cat\u00e1strofe: eliminaron a sus \u00c1guilas del Am\u00e9rica\u2026 Ahora sus viudas chillonas salen a la defensa y se evidencian no s\u00f3lo qui\u00e9nes eran los beneficiados de sus prebendas, sino para qui\u00e9n trabajan y para qu\u00e9 grupo operan como prensa \u201clibre y cr\u00edtica\u201d\u2026 Seguramente por sus relaciones \u201cinternacionales\u201d que le permitieron conocer a diplom\u00e1ticos, tendr\u00e1 un cargo en Timbuktu o en Siberia; en una de esas, hasta se cumple su sue\u00f1o de ser jefe de Prensa del club albicrema\u2026 Todo puede suceder\u2026 Suerte, porque \u201c\u00e9xito\u201d se le desea a otro tipo de gente.<\/p>\n","protected":false},"excerpt":{"rendered":"<p>ColumnaSinNombre@pablojair H\u00e9ctor y Carvallo, parte de la Cuarta Transformaci\u00f3n. Operativo Mochila va en Veracruz: Zenyazen. Una exagerada carta de despedida. Gracias a la Uni\u00f3n Sovi\u00e9tica ahora podr\u00e9ir de vacaciones a Yugoslavia\u2014Chopenjawer Algo muy raro est\u00e1 pasando en Altotonga, donde el presidente municipal es Juan Ignacio V. Morales Guevara, mejor conocido como \u201cNacho\u201d Morales. Aunque Altotonga [&hellip;]<\/p>\n","protected":false},"author":1,"featured_media":488,"comment_status":"open","ping_status":"open","sticky":false,"template":"","format":"standard","meta":{"_jetpack_memberships_contains_paid_content":false,"footnotes":""},"categories":[11],"tags":[],"class_list":["post-33176","post","type-post","status-publish","format-standard","has-post-thumbnail","hentry","category-opinion"],"jetpack_featured_media_url":"https:\/\/encuentroinformativo.com.mx\/wp-content\/uploads\/2020\/03\/F471F608-BA1A-416B-BA7B-BCFB24F4E6D0.jpeg","jetpack_sharing_enabled":true,"jetpack_likes_enabled":true,"amp_enabled":true,"_links":{"self":[{"href":"https:\/\/encuentroinformativo.com.mx\/index.php?rest_route=\/wp\/v2\/posts\/33176","targetHints":{"allow":["GET"]}}],"collection":[{"href":"https:\/\/encuentroinformativo.com.mx\/index.php?rest_route=\/wp\/v2\/posts"}],"about":[{"href":"https:\/\/encuentroinformativo.com.mx\/index.php?rest_route=\/wp\/v2\/types\/post"}],"author":[{"embeddable":true,"href":"https:\/\/encuentroinformativo.com.mx\/index.php?rest_route=\/wp\/v2\/users\/1"}],"replies":[{"embeddable":true,"href":"https:\/\/encuentroinformativo.com.mx\/index.php?rest_route=%2Fwp%2Fv2%2Fcomments&post=33176"}],"version-history":[{"count":1,"href":"https:\/\/encuentroinformativo.com.mx\/index.php?rest_route=\/wp\/v2\/posts\/33176\/revisions"}],"predecessor-version":[{"id":33177,"href":"https:\/\/encuentroinformativo.com.mx\/index.php?rest_route=\/wp\/v2\/posts\/33176\/revisions\/33177"}],"wp:featuredmedia":[{"embeddable":true,"href":"https:\/\/encuentroinformativo.com.mx\/index.php?rest_route=\/wp\/v2\/media\/488"}],"wp:attachment":[{"href":"https:\/\/encuentroinformativo.com.mx\/index.php?rest_route=%2Fwp%2Fv2%2Fmedia&parent=33176"}],"wp:term":[{"taxonomy":"category","embeddable":true,"href":"https:\/\/encuentroinformativo.com.mx\/index.php?rest_route=%2Fwp%2Fv2%2Fcategories&post=33176"},{"taxonomy":"post_tag","embeddable":true,"href":"https:\/\/encuentroinformativo.com.mx\/index.php?rest_route=%2Fwp%2Fv2%2Ftags&post=33176"}],"curies":[{"name":"wp","href":"https:\/\/api.w.org\/{rel}","templated":true}]}}