{"id":33181,"date":"2022-10-28T15:17:56","date_gmt":"2022-10-28T20:17:56","guid":{"rendered":"https:\/\/encuentroinformativo.com.mx\/?p=33181"},"modified":"2022-10-28T15:18:00","modified_gmt":"2022-10-28T20:18:00","slug":"solicitan-ayuda-para-localizar-a-el-potro","status":"publish","type":"post","link":"https:\/\/encuentroinformativo.com.mx\/?p=33181","title":{"rendered":"Solicitan ayuda para localizar a \u201cel Potro\u201d"},"content":{"rendered":"\n<p><strong>Dar\u00edo Pale <\/strong><\/p>\n\n\n\n<p>Xalapa, Ver.- Jorge Morales Barradas Secretario General y Vocero del Movimiento de Lucha y Resistencia Civil La Leyenda de Chucho El Roto, solicit\u00f3 la intervenci\u00f3n del gobernador para que se aclare la desaparici\u00f3n de su l\u00edder y no se d\u00e9 un enfrentamiento con personal de la CFE.<\/p>\n\n\n\n<p>En conferencia de prensa se\u00f1al\u00f3 que la familia de Francisco Fern\u00e1ndez Morales &#8220;El Potro&#8221;, le ha conferido para comentar lo que est\u00e1 sucediendo con su desaparici\u00f3n, por lo que derivado de una solicitud que hicieron el d\u00eda de ayer a las autoridades correspondientes en calidad de no localizado y no como desaparecido ya que ten\u00eda 24 horas de no tener contacto con \u00e9l.<\/p>\n\n\n\n<p>Por lo anterior la Comisi\u00f3n Estatal de de B\u00fasqueda p\u00fablico una alerta a nivel estatal, lo cual les extra\u00f1o mucho pero al mismo tiempo les da confianza de que las autoridades hagan su trabajo y que su l\u00edder se encubre bien y lo tengan de regreso muy pronto.<\/p>\n\n\n\n<p>\u201cEl he hecho de estar aqu\u00ed con ustedes y agradecerles la responsabilidad que tenemos todos en la manera que podamos comunicar a la sociedad los hechos que est\u00e1n sucediendo pues estoy aqu\u00ed a petici\u00f3n de sus familiares para aclarar cualquier situaci\u00f3n en relaci\u00f3n a este tema&#8221;, se\u00f1al\u00f3.<\/p>\n\n\n\n<p>Descart\u00f3 que este detenido por alguna autoridad ya que sus abogados realizaron una b\u00fasqueda y no encontraron nada, por lo que solicit\u00f3 al gobernador para que los ayude a que se aclare este tema, por lo que a nombre de la familia le solicita que los apoye y no se alteren los hechos.<\/p>\n\n\n\n<p>Coment\u00f3 que no teme represalias por la lucha social que est\u00e1n realizando ya que la causa es muy leg\u00edtima y continuar\u00e1 luchando por la reclasificaci\u00f3n de las tarifas y que sus familias vivan de la mejor manera en su zona, por lo que es momento que todas las expresiones y los luchadores sociales se unifiquen en una sola acci\u00f3n.<\/p>\n\n\n\n<p>La \u00faltima ves que fue visto es el d\u00eda mi\u00e9rcoles en la zona de Actopan en la costa de San Isidro, es la informaci\u00f3n con la que cuentan hasta el momento.<\/p>\n\n\n\n<p>Reiter\u00f3 que est\u00e1n solicitando el apoyo del gobernador que los apoye para que no se presente una situaci\u00f3n con el personal de la CFE y se altere el orden ya que van acompa\u00f1ados por elementos de la secretar\u00eda de Marina y lleguen a golpear a las familias y esto ocasione un movimiento por parte de la ciudadan\u00eda.<\/p>\n\n\n\n<p>Dio a conocer que tiene m\u00e1s de cien mensajes donde la ciudadan\u00eda quiere manifestarse pero han logrado controlar esta situaci\u00f3n, espera que haya conciencia pol\u00edtica para poder solucionar el tema de la mejor manera con la CFE y no alteren ninguna situaci\u00f3n.<\/p>\n\n\n\n<p>Finalmente dio a conocer que temen por la vida de su l\u00edder y las personas est\u00e1n muy alteradas por lo que espera que se resuelva de la mejor manera con la l\u00ednea de investigaci\u00f3n que existe, no temen a un enfrentamiento pero solicitan que la CFE deje de actuar en otra de la ciudadan\u00eda.<\/p>\n","protected":false},"excerpt":{"rendered":"<p>Dar\u00edo Pale Xalapa, Ver.- Jorge Morales Barradas Secretario General y Vocero del Movimiento de Lucha y Resistencia Civil La Leyenda de Chucho El Roto, solicit\u00f3 la intervenci\u00f3n del gobernador para que se aclare la desaparici\u00f3n de su l\u00edder y no se d\u00e9 un enfrentamiento con personal de la CFE. En conferencia de prensa se\u00f1al\u00f3 que [&hellip;]<\/p>\n","protected":false},"author":1,"featured_media":33182,"comment_status":"open","ping_status":"open","sticky":false,"template":"","format":"standard","meta":{"_jetpack_memberships_contains_paid_content":false,"footnotes":""},"categories":[2],"tags":[],"class_list":["post-33181","post","type-post","status-publish","format-standard","has-post-thumbnail","hentry","category-estado"],"jetpack_featured_media_url":"https:\/\/encuentroinformativo.com.mx\/wp-content\/uploads\/2022\/10\/23DA02AB-7363-487F-9649-83F02BC67518.jpeg","jetpack_sharing_enabled":true,"jetpack_likes_enabled":true,"amp_enabled":true,"_links":{"self":[{"href":"https:\/\/encuentroinformativo.com.mx\/index.php?rest_route=\/wp\/v2\/posts\/33181","targetHints":{"allow":["GET"]}}],"collection":[{"href":"https:\/\/encuentroinformativo.com.mx\/index.php?rest_route=\/wp\/v2\/posts"}],"about":[{"href":"https:\/\/encuentroinformativo.com.mx\/index.php?rest_route=\/wp\/v2\/types\/post"}],"author":[{"embeddable":true,"href":"https:\/\/encuentroinformativo.com.mx\/index.php?rest_route=\/wp\/v2\/users\/1"}],"replies":[{"embeddable":true,"href":"https:\/\/encuentroinformativo.com.mx\/index.php?rest_route=%2Fwp%2Fv2%2Fcomments&post=33181"}],"version-history":[{"count":1,"href":"https:\/\/encuentroinformativo.com.mx\/index.php?rest_route=\/wp\/v2\/posts\/33181\/revisions"}],"predecessor-version":[{"id":33183,"href":"https:\/\/encuentroinformativo.com.mx\/index.php?rest_route=\/wp\/v2\/posts\/33181\/revisions\/33183"}],"wp:featuredmedia":[{"embeddable":true,"href":"https:\/\/encuentroinformativo.com.mx\/index.php?rest_route=\/wp\/v2\/media\/33182"}],"wp:attachment":[{"href":"https:\/\/encuentroinformativo.com.mx\/index.php?rest_route=%2Fwp%2Fv2%2Fmedia&parent=33181"}],"wp:term":[{"taxonomy":"category","embeddable":true,"href":"https:\/\/encuentroinformativo.com.mx\/index.php?rest_route=%2Fwp%2Fv2%2Fcategories&post=33181"},{"taxonomy":"post_tag","embeddable":true,"href":"https:\/\/encuentroinformativo.com.mx\/index.php?rest_route=%2Fwp%2Fv2%2Ftags&post=33181"}],"curies":[{"name":"wp","href":"https:\/\/api.w.org\/{rel}","templated":true}]}}