{"id":33189,"date":"2022-10-28T15:33:14","date_gmt":"2022-10-28T20:33:14","guid":{"rendered":"https:\/\/encuentroinformativo.com.mx\/?p=33189"},"modified":"2022-10-28T15:33:22","modified_gmt":"2022-10-28T20:33:22","slug":"detectan-casos-de-ansiedad-en-poblacion-estudiantil","status":"publish","type":"post","link":"https:\/\/encuentroinformativo.com.mx\/?p=33189","title":{"rendered":"Detectan casos de ansiedad en poblaci\u00f3n estudiantil"},"content":{"rendered":"\n<p><strong>Dar\u00edo Pale<\/strong><\/p>\n\n\n\n<p>Xalapa, Ver.- La Secretar\u00eda de Educaci\u00f3n de Veracruz (SEV), detect\u00f3 ansiedad, depresi\u00f3n y mal manejo de las emociones en j\u00f3venes, ya se atienden casos en Centro Virtual de Atenci\u00f3n Psicoemocional de la Comunidad Educativa, as\u00ed lo inform\u00f3 el subsecretario de Educaci\u00f3n Media Superior y Superior, Jorge Miguel Uscanga Villalba.<\/p>\n\n\n\n<p>En entrevista inform\u00f3 que al regresar a las clases presenciales la dependencia ha detectado casos de estr\u00e9s y ansiedad entre los estudiantes.<\/p>\n\n\n\n<p>\u201cLo que hemos estado detectando es estr\u00e9s, ansiedad, regresar a la presencialidad. Es un cambio para muchos j\u00f3venes que estaban a distancia, pero los estamos atendiendo, no s\u00f3lo a trav\u00e9s de este centro, sino tambi\u00e9n en cada una de las escuelas de manera directa\u201d, se\u00f1al\u00f3.<\/p>\n\n\n\n<p>Sostuvo que los casos detectados de ansiedad, depresi\u00f3n y mal manejo de las emociones entre los j\u00f3venes de bachillerato y otros subsistemas, se est\u00e1n atendiendo a trav\u00e9s del Centro Virtual de Atenci\u00f3n Psicoemocional de la Comunidad Educativa.<\/p>\n\n\n\n<p>Asimismo, a trav\u00e9s del n\u00famero telef\u00f3nico \u202a22 89 80 05 40\u202c, donde pueden acceder a primeros auxilios psicol\u00f3gicos.<\/p>\n\n\n\n<p>\u201cEs muy importante atender a la comunidad educativa, es importante la indicaci\u00f3n del Secretario, la educaci\u00f3n emocional es prioridad\u201d, coment\u00f3.<\/p>\n\n\n\n<p>Uscanga Villalba enfatiz\u00f3 que se est\u00e1n atendiendo todos los eventos relacionados a educaci\u00f3n emocional, atendiendo los &#8220;picos&#8221; que pueden estar ocurriendo despu\u00e9s de la pandemia por Covid-19.<\/p>\n\n\n\n<p>Finalmente reconoci\u00f3 que es muy dif\u00edcil contar con una estad\u00edstica exacta, pero lo importante es atender a los j\u00f3venes que presentan se\u00f1ales de estos padecimientos.<\/p>\n","protected":false},"excerpt":{"rendered":"<p>Dar\u00edo Pale Xalapa, Ver.- La Secretar\u00eda de Educaci\u00f3n de Veracruz (SEV), detect\u00f3 ansiedad, depresi\u00f3n y mal manejo de las emociones en j\u00f3venes, ya se atienden casos en Centro Virtual de Atenci\u00f3n Psicoemocional de la Comunidad Educativa, as\u00ed lo inform\u00f3 el subsecretario de Educaci\u00f3n Media Superior y Superior, Jorge Miguel Uscanga Villalba. En entrevista inform\u00f3 que [&hellip;]<\/p>\n","protected":false},"author":1,"featured_media":33190,"comment_status":"open","ping_status":"open","sticky":false,"template":"","format":"standard","meta":{"_jetpack_memberships_contains_paid_content":false,"footnotes":""},"categories":[2],"tags":[],"class_list":["post-33189","post","type-post","status-publish","format-standard","has-post-thumbnail","hentry","category-estado"],"jetpack_featured_media_url":"https:\/\/encuentroinformativo.com.mx\/wp-content\/uploads\/2022\/10\/B317492D-FC26-4C96-9EA2-7CECD0DD8C4E.jpeg","jetpack_sharing_enabled":true,"jetpack_likes_enabled":true,"amp_enabled":true,"_links":{"self":[{"href":"https:\/\/encuentroinformativo.com.mx\/index.php?rest_route=\/wp\/v2\/posts\/33189","targetHints":{"allow":["GET"]}}],"collection":[{"href":"https:\/\/encuentroinformativo.com.mx\/index.php?rest_route=\/wp\/v2\/posts"}],"about":[{"href":"https:\/\/encuentroinformativo.com.mx\/index.php?rest_route=\/wp\/v2\/types\/post"}],"author":[{"embeddable":true,"href":"https:\/\/encuentroinformativo.com.mx\/index.php?rest_route=\/wp\/v2\/users\/1"}],"replies":[{"embeddable":true,"href":"https:\/\/encuentroinformativo.com.mx\/index.php?rest_route=%2Fwp%2Fv2%2Fcomments&post=33189"}],"version-history":[{"count":1,"href":"https:\/\/encuentroinformativo.com.mx\/index.php?rest_route=\/wp\/v2\/posts\/33189\/revisions"}],"predecessor-version":[{"id":33191,"href":"https:\/\/encuentroinformativo.com.mx\/index.php?rest_route=\/wp\/v2\/posts\/33189\/revisions\/33191"}],"wp:featuredmedia":[{"embeddable":true,"href":"https:\/\/encuentroinformativo.com.mx\/index.php?rest_route=\/wp\/v2\/media\/33190"}],"wp:attachment":[{"href":"https:\/\/encuentroinformativo.com.mx\/index.php?rest_route=%2Fwp%2Fv2%2Fmedia&parent=33189"}],"wp:term":[{"taxonomy":"category","embeddable":true,"href":"https:\/\/encuentroinformativo.com.mx\/index.php?rest_route=%2Fwp%2Fv2%2Fcategories&post=33189"},{"taxonomy":"post_tag","embeddable":true,"href":"https:\/\/encuentroinformativo.com.mx\/index.php?rest_route=%2Fwp%2Fv2%2Ftags&post=33189"}],"curies":[{"name":"wp","href":"https:\/\/api.w.org\/{rel}","templated":true}]}}