{"id":33192,"date":"2022-10-28T19:28:33","date_gmt":"2022-10-29T00:28:33","guid":{"rendered":"https:\/\/encuentroinformativo.com.mx\/?p=33192"},"modified":"2022-10-28T19:28:37","modified_gmt":"2022-10-29T00:28:37","slug":"boca-del-rio-fortalece-alianza-en-la-lucha-contra-el-cancer-infantil-alcalde-jm-unanue","status":"publish","type":"post","link":"https:\/\/encuentroinformativo.com.mx\/?p=33192","title":{"rendered":"Boca del R\u00edo fortalece alianza en la lucha contra el c\u00e1ncer infantil: Alcalde JM Un\u00e1nue"},"content":{"rendered":"\n<p>Boca del R\u00edo, Ver.- Desde el primer d\u00eda de esta administraci\u00f3n municipal, el Gobierno de Boca del R\u00edo, ha respaldado y creado las condiciones, para que las ni\u00f1as y ni\u00f1os de la ciudad, puedan tener un crecimiento saludable y feliz, as\u00ed lo enfatiz\u00f3 el Alcalde Juan Manuel Un\u00e1nue Abascal.<\/p>\n\n\n\n<p>El edil dio la bienvenida a todos los integrantes de la reuni\u00f3n nacional n\u00famero 20 de la Asociaci\u00f3n Mexicana de Ayuda a Ni\u00f1os con C\u00e1ncer (AMANC), la cual se celebr\u00f3 en las instalaciones del teatro Fernando Guti\u00e9rrez Barrios.<\/p>\n\n\n\n<p>\u201cEl apoyo que brindan a los enfermos de c\u00e1ncer desde hace 40 a\u00f1os es invaluable, todo mi reconocimiento a todos ustedes, en Boca del R\u00edo siempre contar\u00e1n con un aliado y un respaldo a esa gran labor en beneficio de miles de familias\u201d.<\/p>\n\n\n\n<p>Un\u00e1nue Abascal, reconoci\u00f3 la labor humanista y altruista de Guadalupe Alejandre Castillo, presidenta y fundadora de AMANC Red Nacional, as\u00ed como de Susana Lara Garc\u00eda, presidenta de AMANC Veracruz.<\/p>\n\n\n\n<p>Ante los representantes de diversas latitudes de la Rep\u00fablica Mexicana, felicit\u00f3 a la asociaci\u00f3n por sus 40 a\u00f1os de fundaci\u00f3n, su trabajo diario, esfuerzo, coraz\u00f3n y tiempo, en pro de la salud y vida de los mexicanos y veracruzanos m\u00e1s peque\u00f1os de la sociedad.<\/p>\n\n\n\n<p>Cabe destacar, que el pr\u00f3ximo s\u00e1bado 10 de diciembre, se realizar\u00e1 la \u201cCarrera AMANC Veracruz 2022\u201d, en punto de las 6 de la tarde en la Plaza de los Valores de Boca del R\u00edo.<\/p>\n\n\n\n<p>Por su parte, la Presidenta del DIF Municipal, Melina Rivera de Un\u00e1nue, resalt\u00f3 la lucha incansable de todas las familias contra la enfermedad, pero muy importante, a los integrantes de AMANC, quienes trabajan de manera incansable por la vida de los peque\u00f1os.<\/p>\n\n\n\n<p>\u201cSalvar vidas se dice f\u00e1cil pero no lo es, se necesita valent\u00eda, fortaleza y amor al pr\u00f3jimo para lograr hacer la diferencia\u201d.<\/p>\n\n\n\n<p>Resalt\u00f3 que AMANC fue la primera instituci\u00f3n de su tipo en M\u00e9xico, que apoya gratuita e integralmente a ni\u00f1os y adolescentes con c\u00e1ncer durante sus tratamientos a lo largo de cuatro d\u00e9cadas.<\/p>\n\n\n\n<p>Las y los integrantes de AMANC, agradecieron al Alcalde de Boca del R\u00edo, as\u00ed como a la Presidenta del DIF Municipal, por todas las facilidades prestadas y su respaldo contra el c\u00e1ncer infantil.<\/p>\n\n\n\n<p>Finalmente, Juan Manuel Un\u00e1nue Abascal y Melina Rivera de Un\u00e1nue, entregaron un reconocimiento a la fundadora de la asociaci\u00f3n, Guadalupe Alejandre Castillo, por su loable labor a favor de la ni\u00f1es de Boca del R\u00edo, Veracruz y M\u00e9xico.<\/p>\n","protected":false},"excerpt":{"rendered":"<p>Boca del R\u00edo, Ver.- Desde el primer d\u00eda de esta administraci\u00f3n municipal, el Gobierno de Boca del R\u00edo, ha respaldado y creado las condiciones, para que las ni\u00f1as y ni\u00f1os de la ciudad, puedan tener un crecimiento saludable y feliz, as\u00ed lo enfatiz\u00f3 el Alcalde Juan Manuel Un\u00e1nue Abascal. El edil dio la bienvenida a [&hellip;]<\/p>\n","protected":false},"author":1,"featured_media":33193,"comment_status":"open","ping_status":"open","sticky":false,"template":"","format":"standard","meta":{"_jetpack_memberships_contains_paid_content":false,"footnotes":""},"categories":[2],"tags":[],"class_list":["post-33192","post","type-post","status-publish","format-standard","has-post-thumbnail","hentry","category-estado"],"jetpack_featured_media_url":"https:\/\/encuentroinformativo.com.mx\/wp-content\/uploads\/2022\/10\/9B8B2BD1-96E2-4432-B15F-A4A2257201B7.jpeg","jetpack_sharing_enabled":true,"jetpack_likes_enabled":true,"amp_enabled":true,"_links":{"self":[{"href":"https:\/\/encuentroinformativo.com.mx\/index.php?rest_route=\/wp\/v2\/posts\/33192","targetHints":{"allow":["GET"]}}],"collection":[{"href":"https:\/\/encuentroinformativo.com.mx\/index.php?rest_route=\/wp\/v2\/posts"}],"about":[{"href":"https:\/\/encuentroinformativo.com.mx\/index.php?rest_route=\/wp\/v2\/types\/post"}],"author":[{"embeddable":true,"href":"https:\/\/encuentroinformativo.com.mx\/index.php?rest_route=\/wp\/v2\/users\/1"}],"replies":[{"embeddable":true,"href":"https:\/\/encuentroinformativo.com.mx\/index.php?rest_route=%2Fwp%2Fv2%2Fcomments&post=33192"}],"version-history":[{"count":1,"href":"https:\/\/encuentroinformativo.com.mx\/index.php?rest_route=\/wp\/v2\/posts\/33192\/revisions"}],"predecessor-version":[{"id":33194,"href":"https:\/\/encuentroinformativo.com.mx\/index.php?rest_route=\/wp\/v2\/posts\/33192\/revisions\/33194"}],"wp:featuredmedia":[{"embeddable":true,"href":"https:\/\/encuentroinformativo.com.mx\/index.php?rest_route=\/wp\/v2\/media\/33193"}],"wp:attachment":[{"href":"https:\/\/encuentroinformativo.com.mx\/index.php?rest_route=%2Fwp%2Fv2%2Fmedia&parent=33192"}],"wp:term":[{"taxonomy":"category","embeddable":true,"href":"https:\/\/encuentroinformativo.com.mx\/index.php?rest_route=%2Fwp%2Fv2%2Fcategories&post=33192"},{"taxonomy":"post_tag","embeddable":true,"href":"https:\/\/encuentroinformativo.com.mx\/index.php?rest_route=%2Fwp%2Fv2%2Ftags&post=33192"}],"curies":[{"name":"wp","href":"https:\/\/api.w.org\/{rel}","templated":true}]}}