{"id":33195,"date":"2022-10-29T15:33:20","date_gmt":"2022-10-29T20:33:20","guid":{"rendered":"https:\/\/encuentroinformativo.com.mx\/?p=33195"},"modified":"2022-10-29T15:33:24","modified_gmt":"2022-10-29T20:33:24","slug":"adios-horario-de-verano","status":"publish","type":"post","link":"https:\/\/encuentroinformativo.com.mx\/?p=33195","title":{"rendered":"ADI\u00d3S HORARIO DE VERANO"},"content":{"rendered":"\n<p><strong>N\u00fameros Rojos\u00a0<\/strong><br><br><strong>Brenda Caballero<\/strong><\/p>\n\n\n\n<p>La suerte del horario de verano ya estaba echada desde que lleg\u00f3 Andr\u00e9s Manuel L\u00f3pez Obrador a la Presidencia de M\u00e9xico.<\/p>\n\n\n\n<p>Incluso podr\u00edamos decir que el horario vivi\u00f3 tiempo extra, pues el tabasque\u00f1o siempre estuvo en su contra, al igual que muchos mexicanos que consideraron no ahorrar energ\u00eda, sino todo lo contrario.Hoy, ser\u00e1 la \u00faltima vez que atrasaremos nuestro reloj, como lo hemos hecho durante 26 a\u00f1os, cuando el entonces Presidente de nuestro pa\u00eds Ernesto Zedillo Ponce de Le\u00f3n tom\u00f3 la decisi\u00f3n de implementarlo.Podr\u00edamos decir que representa un triunfo m\u00e1s de L\u00f3pez Obrador sobre los \u201cGobiernos Anteriores\u201d, para ser precisa contra el del entonces Presidente Vicente Fox Quezada, pues en esos tiempos, cuando Andr\u00e9s Manuel era Regente del Distrito Federal lo quer\u00eda desaparecer en la capital, hasta se present\u00f3 controversia ante la Suprema Corte de Justicia de la Naci\u00f3n derivada de una encuesta telef\u00f3nica a los capitalinos, en las que el 75 por ciento de los encuestados se declar\u00f3 en contra de su aplicaci\u00f3n.<\/p>\n\n\n\n<p>Aun as\u00ed con la encuesta a su favor, L\u00f3pez Obrador no consigui\u00f3 eliminarlo.Pero en la 4T, los tiempos cambian, y los horarios desaparecen. Como sucedi\u00f3 el d\u00eda de ayer, 28 de octubre, cuando en el Diario Oficial de la Federaci\u00f3n se public\u00f3 el Decreto por el que se expide la Ley de Husos Horarios en los Estados Unidos Mexicanos que hace oficial la \u201cdesaparici\u00f3n del horario de verano\u201d en todo el pa\u00eds.Aunque al hablar de los Husos Horarios, el art\u00edculo tercero del Decreto reconoce 4 zonas de acuerdo al meridiano de Greenwich y por lo tanto 4 horarios, a su vez que los estados fronterizos conservaran el horario de verano y de invierno de acuerdo a los husos de Estados Unidos con la finalidad de no afectar la actividad comercial.<\/p>\n\n\n\n<p>Es por ello que ya se habla que en el pa\u00eds habr\u00e1 5 horarios.\u00a0Pero no se confunda, para ello el art\u00edculo 4 del mismo Decreto lo aclara: \u201cEn el territorio nacional habr\u00e1 un horario est\u00e1ndar que se establecer\u00e1 de acuerdo con las zonas horarias que correspondan de conformidad con el art\u00edculo anterior.<\/p>\n\n\n\n<p>\u00danicamente se aplicar\u00e1 un horario estacional para los estados y municipios de la frontera norte, conforme a lo se\u00f1alado por el cap\u00edtulo segundo de la presente Ley\u2026\u201d <\/p>\n\n\n\n<p>El horario de Verano, ha sido eliminado, como Andr\u00e9s Manuel L\u00f3pez Obrador lo dese\u00f3 desde hace 21 a\u00f1os que estuviera al frente del gobierno del entonces Distrito Federal.Pero independientemente del tema pol\u00edtico, gran parte de la poblaci\u00f3n aprueba la decisi\u00f3n de su eliminaci\u00f3n con el argumento de que \u201cdormir\u00e1n m\u00e1s\u201d o que ya no tendr\u00e1n \u201ctrastornos del sue\u00f1o\u201d.<\/p>\n\n\n\n<p>Otra parte refiere, \u00a0que en un pa\u00eds feminicida el hecho de que las mujeres salgan sin luz solar abona a la inseguridad de las f\u00e9minas. Otros m\u00e1s comentan que la luz solar les permit\u00eda realizar m\u00e1s actividades que ahora no podr\u00e1n hacer.Lo cierto es que estamos tan polarizados, que hasta estos temas sirven de discusi\u00f3n entre los mexicanos para darle un toque pol\u00edtico y hasta religioso, con el \u201cHorario de Dios\u201d<\/p>\n\n\n\n<p>\u00bfY a usted le afecta que se haya eliminado el Horario de Verano?\u00a0<\/p>\n\n\n\n<p>Twiter: @NumerosRojos_BC<\/p>\n\n\n\n<p><a rel=\"noreferrer noopener\" href=\"mailto:caballero_brenda@hotmail.com\" target=\"_blank\">caballero_brenda@hotmail.com<\/a><\/p>\n","protected":false},"excerpt":{"rendered":"<p>N\u00fameros Rojos\u00a0 Brenda Caballero La suerte del horario de verano ya estaba echada desde que lleg\u00f3 Andr\u00e9s Manuel L\u00f3pez Obrador a la Presidencia de M\u00e9xico. Incluso podr\u00edamos decir que el horario vivi\u00f3 tiempo extra, pues el tabasque\u00f1o siempre estuvo en su contra, al igual que muchos mexicanos que consideraron no ahorrar energ\u00eda, sino todo lo [&hellip;]<\/p>\n","protected":false},"author":1,"featured_media":387,"comment_status":"open","ping_status":"open","sticky":false,"template":"","format":"standard","meta":{"_jetpack_memberships_contains_paid_content":false,"footnotes":""},"categories":[11],"tags":[],"class_list":["post-33195","post","type-post","status-publish","format-standard","has-post-thumbnail","hentry","category-opinion"],"jetpack_featured_media_url":"https:\/\/encuentroinformativo.com.mx\/wp-content\/uploads\/2020\/03\/7CF8A22B-2764-47BE-8F7F-38FE9E5D6A2F.jpeg","jetpack_sharing_enabled":true,"jetpack_likes_enabled":true,"amp_enabled":true,"_links":{"self":[{"href":"https:\/\/encuentroinformativo.com.mx\/index.php?rest_route=\/wp\/v2\/posts\/33195","targetHints":{"allow":["GET"]}}],"collection":[{"href":"https:\/\/encuentroinformativo.com.mx\/index.php?rest_route=\/wp\/v2\/posts"}],"about":[{"href":"https:\/\/encuentroinformativo.com.mx\/index.php?rest_route=\/wp\/v2\/types\/post"}],"author":[{"embeddable":true,"href":"https:\/\/encuentroinformativo.com.mx\/index.php?rest_route=\/wp\/v2\/users\/1"}],"replies":[{"embeddable":true,"href":"https:\/\/encuentroinformativo.com.mx\/index.php?rest_route=%2Fwp%2Fv2%2Fcomments&post=33195"}],"version-history":[{"count":1,"href":"https:\/\/encuentroinformativo.com.mx\/index.php?rest_route=\/wp\/v2\/posts\/33195\/revisions"}],"predecessor-version":[{"id":33196,"href":"https:\/\/encuentroinformativo.com.mx\/index.php?rest_route=\/wp\/v2\/posts\/33195\/revisions\/33196"}],"wp:featuredmedia":[{"embeddable":true,"href":"https:\/\/encuentroinformativo.com.mx\/index.php?rest_route=\/wp\/v2\/media\/387"}],"wp:attachment":[{"href":"https:\/\/encuentroinformativo.com.mx\/index.php?rest_route=%2Fwp%2Fv2%2Fmedia&parent=33195"}],"wp:term":[{"taxonomy":"category","embeddable":true,"href":"https:\/\/encuentroinformativo.com.mx\/index.php?rest_route=%2Fwp%2Fv2%2Fcategories&post=33195"},{"taxonomy":"post_tag","embeddable":true,"href":"https:\/\/encuentroinformativo.com.mx\/index.php?rest_route=%2Fwp%2Fv2%2Ftags&post=33195"}],"curies":[{"name":"wp","href":"https:\/\/api.w.org\/{rel}","templated":true}]}}