{"id":33197,"date":"2022-10-29T15:50:24","date_gmt":"2022-10-29T20:50:24","guid":{"rendered":"https:\/\/encuentroinformativo.com.mx\/?p=33197"},"modified":"2022-10-29T15:50:28","modified_gmt":"2022-10-29T20:50:28","slug":"espera-orfis-coordinacion-para-nueva-revision-de-cuenta-publica","status":"publish","type":"post","link":"https:\/\/encuentroinformativo.com.mx\/?p=33197","title":{"rendered":"Espera ORFIS coordinaci\u00f3n para nueva revisi\u00f3n de cuenta p\u00fablica"},"content":{"rendered":"\n<p><strong>Dar\u00edo Pale <\/strong><\/p>\n\n\n\n<p>Xalapa, Ver.- La titular del \u00d3rgano de Fiscalizaci\u00f3n Superior (ORFIS), Delia Gonz\u00e1lez Cobos, coment\u00f3 que a\u00fan no conoce el acuerdo para la nueva revisi\u00f3n, esto luego de que no fuera aprobada la cuenta p\u00fablica 2021 y de que se votar\u00e1 el dictamen.<\/p>\n\n\n\n<p>Entrevistada durante un recorrido de altares instalados en los bajos de palacio de Gobierno, explic\u00f3 que despu\u00e9s de la celebraci\u00f3n de D\u00eda de Muertos podr\u00e1 conocer el acuerdo, ya que el dictamen no ha sido publicado en la Gaceta Oficial del Estado, por lo que a\u00fan no conoce en qu\u00e9 consiste la nueva revisi\u00f3n que tendr\u00e1 que hacer.<\/p>\n\n\n\n<p>Asimismo, record\u00f3 que el plazo es de s\u00f3lo 90 d\u00edas para repetir la revisi\u00f3n, por lo que en ese sentido, confi\u00f3 en que se podr\u00e1 reunir con los diputados integrantes de la Comisi\u00f3n de Vigilancia.<\/p>\n\n\n\n<p>\u201cEsperar\u00edamos tambi\u00e9n a ponernos de acuerdo en las labores que vamos a hacer, no tenemos la informaci\u00f3n de c\u00f3mo vamos a trabajar, esperar\u00edamos a que los diputados nos digan qu\u00e9 hacer\u201d, se\u00f1al\u00f3.<\/p>\n\n\n\n<p>\u201cEllos -los diputados- no han estado estos d\u00edas, yo creo que cuando est\u00e9n, la semana siguiente, ya nos reuniremos. Ellos andan en otras actividades, pero vamos a estar pendientes, es una actividad en la que tenemos que estar muy coordinados\u201d, agreg\u00f3.<\/p>\n\n\n\n<p>Hay que recordar que diputados de todas las fracciones votaron en contra del dictamen de la Cuenta P\u00fablica 2021, luego de que algunos alcaldes denunciaron que no se tom\u00f3 en cuenta los informes de entrega-recepci\u00f3n, donde reportaron obras inconclusas y de mala calidad.<\/p>\n\n\n\n<p>Por \u00faltimo cabe recordar que fue el lunes 24 de octubre cuando se someti\u00f3 a votaci\u00f3n del dictamen 2021 en el que el Congreso local determin\u00f3 no aprobar la revisi\u00f3n financiera que hizo el ORFIS, en el que se calcul\u00f3 un da\u00f1o patrimonial de m\u00e1s de 3 mil 200 millones de pesos.<\/p>\n","protected":false},"excerpt":{"rendered":"<p>Dar\u00edo Pale Xalapa, Ver.- La titular del \u00d3rgano de Fiscalizaci\u00f3n Superior (ORFIS), Delia Gonz\u00e1lez Cobos, coment\u00f3 que a\u00fan no conoce el acuerdo para la nueva revisi\u00f3n, esto luego de que no fuera aprobada la cuenta p\u00fablica 2021 y de que se votar\u00e1 el dictamen. Entrevistada durante un recorrido de altares instalados en los bajos de [&hellip;]<\/p>\n","protected":false},"author":1,"featured_media":33198,"comment_status":"open","ping_status":"open","sticky":false,"template":"","format":"standard","meta":{"_jetpack_memberships_contains_paid_content":false,"footnotes":""},"categories":[2],"tags":[],"class_list":["post-33197","post","type-post","status-publish","format-standard","has-post-thumbnail","hentry","category-estado"],"jetpack_featured_media_url":"https:\/\/encuentroinformativo.com.mx\/wp-content\/uploads\/2022\/10\/0BEC52FE-370B-42C3-B9D0-0D8E701C6528.jpeg","jetpack_sharing_enabled":true,"jetpack_likes_enabled":true,"amp_enabled":true,"_links":{"self":[{"href":"https:\/\/encuentroinformativo.com.mx\/index.php?rest_route=\/wp\/v2\/posts\/33197","targetHints":{"allow":["GET"]}}],"collection":[{"href":"https:\/\/encuentroinformativo.com.mx\/index.php?rest_route=\/wp\/v2\/posts"}],"about":[{"href":"https:\/\/encuentroinformativo.com.mx\/index.php?rest_route=\/wp\/v2\/types\/post"}],"author":[{"embeddable":true,"href":"https:\/\/encuentroinformativo.com.mx\/index.php?rest_route=\/wp\/v2\/users\/1"}],"replies":[{"embeddable":true,"href":"https:\/\/encuentroinformativo.com.mx\/index.php?rest_route=%2Fwp%2Fv2%2Fcomments&post=33197"}],"version-history":[{"count":1,"href":"https:\/\/encuentroinformativo.com.mx\/index.php?rest_route=\/wp\/v2\/posts\/33197\/revisions"}],"predecessor-version":[{"id":33199,"href":"https:\/\/encuentroinformativo.com.mx\/index.php?rest_route=\/wp\/v2\/posts\/33197\/revisions\/33199"}],"wp:featuredmedia":[{"embeddable":true,"href":"https:\/\/encuentroinformativo.com.mx\/index.php?rest_route=\/wp\/v2\/media\/33198"}],"wp:attachment":[{"href":"https:\/\/encuentroinformativo.com.mx\/index.php?rest_route=%2Fwp%2Fv2%2Fmedia&parent=33197"}],"wp:term":[{"taxonomy":"category","embeddable":true,"href":"https:\/\/encuentroinformativo.com.mx\/index.php?rest_route=%2Fwp%2Fv2%2Fcategories&post=33197"},{"taxonomy":"post_tag","embeddable":true,"href":"https:\/\/encuentroinformativo.com.mx\/index.php?rest_route=%2Fwp%2Fv2%2Ftags&post=33197"}],"curies":[{"name":"wp","href":"https:\/\/api.w.org\/{rel}","templated":true}]}}