{"id":33201,"date":"2022-10-29T16:01:58","date_gmt":"2022-10-29T21:01:58","guid":{"rendered":"https:\/\/encuentroinformativo.com.mx\/?p=33201"},"modified":"2022-10-29T16:02:01","modified_gmt":"2022-10-29T21:02:01","slug":"salio-en-libertad-antonio-n-ex-secretario-de-finanzas","status":"publish","type":"post","link":"https:\/\/encuentroinformativo.com.mx\/?p=33201","title":{"rendered":"Sali\u00f3 en libertad Antonio N, ex secretario de Finanzas"},"content":{"rendered":"\n<p><strong>Dar\u00edo Pale <\/strong><\/p>\n\n\n\n<p>Xalapa, Ver.- El exsecretario de Finanzas y Planeaci\u00f3n, en la administraci\u00f3n de Javier Duarte, Antonio &#8220;N&#8221;, sali\u00f3 en libertad el medio d\u00eda de este s\u00e1bado del penal de Pacho Viejo del municipio de Coatepec.<\/p>\n\n\n\n<p>Lo anterior se debe a que luego de que un juez de Control modificara la medida cautelar a prisi\u00f3n domiciliaria, durante audiencia celebrada este viernes.<\/p>\n\n\n\n<p>De manera extraoficial se inform\u00f3 que el \u00faltimo exfuncionario de Finanzas en el sexenio de Duarte, tuvo que ser trasladado por cuestiones de salud, por lo que custodios lo resguardaron a su domicilio en el fraccionamiento Las \u00c1nimas, de esta capital.<\/p>\n\n\n\n<p>Antonio &#8220;N&#8221; fue vinculado a proceso por los delitos de abuso de autoridad, incumplimiento del deber legal y desv\u00edo de recursos, por lo que ten\u00eda la medida cautelar de prisi\u00f3n preventiva justificada por el lapso de un a\u00f1o, a partir de su detenci\u00f3n en octubre del 2021.<\/p>\n\n\n\n<p>Por \u00faltimo cabe recordar que el exservidor fue detenido en la capital del Estado, luego de que se librara una orden de aprehensi\u00f3n, que forma parte del proceso penal 440\/2019 por dichos delitos cometidos en agravio del servicio p\u00fablico durante 2015 y 2016.<\/p>\n","protected":false},"excerpt":{"rendered":"<p>Dar\u00edo Pale Xalapa, Ver.- El exsecretario de Finanzas y Planeaci\u00f3n, en la administraci\u00f3n de Javier Duarte, Antonio &#8220;N&#8221;, sali\u00f3 en libertad el medio d\u00eda de este s\u00e1bado del penal de Pacho Viejo del municipio de Coatepec. Lo anterior se debe a que luego de que un juez de Control modificara la medida cautelar a prisi\u00f3n [&hellip;]<\/p>\n","protected":false},"author":1,"featured_media":33202,"comment_status":"open","ping_status":"open","sticky":false,"template":"","format":"standard","meta":{"_jetpack_memberships_contains_paid_content":false,"footnotes":""},"categories":[2],"tags":[],"class_list":["post-33201","post","type-post","status-publish","format-standard","has-post-thumbnail","hentry","category-estado"],"jetpack_featured_media_url":"https:\/\/encuentroinformativo.com.mx\/wp-content\/uploads\/2022\/10\/57A38E72-6EA3-4662-9D64-B6C665BE1E9B.jpeg","jetpack_sharing_enabled":true,"jetpack_likes_enabled":true,"amp_enabled":true,"_links":{"self":[{"href":"https:\/\/encuentroinformativo.com.mx\/index.php?rest_route=\/wp\/v2\/posts\/33201","targetHints":{"allow":["GET"]}}],"collection":[{"href":"https:\/\/encuentroinformativo.com.mx\/index.php?rest_route=\/wp\/v2\/posts"}],"about":[{"href":"https:\/\/encuentroinformativo.com.mx\/index.php?rest_route=\/wp\/v2\/types\/post"}],"author":[{"embeddable":true,"href":"https:\/\/encuentroinformativo.com.mx\/index.php?rest_route=\/wp\/v2\/users\/1"}],"replies":[{"embeddable":true,"href":"https:\/\/encuentroinformativo.com.mx\/index.php?rest_route=%2Fwp%2Fv2%2Fcomments&post=33201"}],"version-history":[{"count":1,"href":"https:\/\/encuentroinformativo.com.mx\/index.php?rest_route=\/wp\/v2\/posts\/33201\/revisions"}],"predecessor-version":[{"id":33203,"href":"https:\/\/encuentroinformativo.com.mx\/index.php?rest_route=\/wp\/v2\/posts\/33201\/revisions\/33203"}],"wp:featuredmedia":[{"embeddable":true,"href":"https:\/\/encuentroinformativo.com.mx\/index.php?rest_route=\/wp\/v2\/media\/33202"}],"wp:attachment":[{"href":"https:\/\/encuentroinformativo.com.mx\/index.php?rest_route=%2Fwp%2Fv2%2Fmedia&parent=33201"}],"wp:term":[{"taxonomy":"category","embeddable":true,"href":"https:\/\/encuentroinformativo.com.mx\/index.php?rest_route=%2Fwp%2Fv2%2Fcategories&post=33201"},{"taxonomy":"post_tag","embeddable":true,"href":"https:\/\/encuentroinformativo.com.mx\/index.php?rest_route=%2Fwp%2Fv2%2Ftags&post=33201"}],"curies":[{"name":"wp","href":"https:\/\/api.w.org\/{rel}","templated":true}]}}