{"id":33204,"date":"2022-10-29T16:10:50","date_gmt":"2022-10-29T21:10:50","guid":{"rendered":"https:\/\/encuentroinformativo.com.mx\/?p=33204"},"modified":"2022-10-29T16:10:53","modified_gmt":"2022-10-29T21:10:53","slug":"promueven-muestra-de-altares","status":"publish","type":"post","link":"https:\/\/encuentroinformativo.com.mx\/?p=33204","title":{"rendered":"Promueven muestra de altares"},"content":{"rendered":"\n<p>Xalapa, Ver.- Para representar la cultura Totonaca en este D\u00eda de Muertos, al interior de Palacio de Gobierno, el mandatario estatal Cuitl\u00e1huac Garc\u00eda Jim\u00e9nez inaugur\u00f3 el altar Tutunak\u00fa.<\/p>\n\n\n\n<p>El cual fue elaborado por elInstituto Veracruzano de Asuntos Ind\u00edgenas, en el evento estuvieron presentes el Secretario de Gobierno, Eric Cisneros y la auditora general del ORFIS, Delia Gonz\u00e1lez Cobos.\u00a0<br><\/p>\n\n\n\n<figure class=\"wp-block-image size-large\"><img loading=\"lazy\" decoding=\"async\" width=\"1024\" height=\"768\" src=\"https:\/\/encuentroinformativo.com.mx\/wp-content\/uploads\/2022\/10\/F02DC564-CAF3-4CF2-AB07-AF7A06D7E40B-1024x768.jpeg\" alt=\"\" class=\"wp-image-33206\" srcset=\"https:\/\/encuentroinformativo.com.mx\/wp-content\/uploads\/2022\/10\/F02DC564-CAF3-4CF2-AB07-AF7A06D7E40B-1024x768.jpeg 1024w, https:\/\/encuentroinformativo.com.mx\/wp-content\/uploads\/2022\/10\/F02DC564-CAF3-4CF2-AB07-AF7A06D7E40B-300x225.jpeg 300w, https:\/\/encuentroinformativo.com.mx\/wp-content\/uploads\/2022\/10\/F02DC564-CAF3-4CF2-AB07-AF7A06D7E40B-768x576.jpeg 768w, https:\/\/encuentroinformativo.com.mx\/wp-content\/uploads\/2022\/10\/F02DC564-CAF3-4CF2-AB07-AF7A06D7E40B-1536x1152.jpeg 1536w, https:\/\/encuentroinformativo.com.mx\/wp-content\/uploads\/2022\/10\/F02DC564-CAF3-4CF2-AB07-AF7A06D7E40B.jpeg 1600w\" sizes=\"auto, (max-width: 1024px) 100vw, 1024px\" \/><\/figure>\n\n\n\n<figure class=\"wp-block-image size-large\"><img loading=\"lazy\" decoding=\"async\" width=\"1024\" height=\"683\" src=\"https:\/\/encuentroinformativo.com.mx\/wp-content\/uploads\/2022\/10\/4B493B4E-232C-4CBC-91D7-D98B77633FE3-1024x683.jpeg\" alt=\"\" class=\"wp-image-33207\" srcset=\"https:\/\/encuentroinformativo.com.mx\/wp-content\/uploads\/2022\/10\/4B493B4E-232C-4CBC-91D7-D98B77633FE3-1024x683.jpeg 1024w, https:\/\/encuentroinformativo.com.mx\/wp-content\/uploads\/2022\/10\/4B493B4E-232C-4CBC-91D7-D98B77633FE3-300x200.jpeg 300w, https:\/\/encuentroinformativo.com.mx\/wp-content\/uploads\/2022\/10\/4B493B4E-232C-4CBC-91D7-D98B77633FE3-768x512.jpeg 768w, https:\/\/encuentroinformativo.com.mx\/wp-content\/uploads\/2022\/10\/4B493B4E-232C-4CBC-91D7-D98B77633FE3.jpeg 1488w\" sizes=\"auto, (max-width: 1024px) 100vw, 1024px\" \/><\/figure>\n","protected":false},"excerpt":{"rendered":"<p>Xalapa, Ver.- Para representar la cultura Totonaca en este D\u00eda de Muertos, al interior de Palacio de Gobierno, el mandatario estatal Cuitl\u00e1huac Garc\u00eda Jim\u00e9nez inaugur\u00f3 el altar Tutunak\u00fa. El cual fue elaborado por elInstituto Veracruzano de Asuntos Ind\u00edgenas, en el evento estuvieron presentes el Secretario de Gobierno, Eric Cisneros y la auditora general del ORFIS, [&hellip;]<\/p>\n","protected":false},"author":1,"featured_media":33205,"comment_status":"open","ping_status":"open","sticky":false,"template":"","format":"standard","meta":{"_jetpack_memberships_contains_paid_content":false,"footnotes":""},"categories":[2],"tags":[],"class_list":["post-33204","post","type-post","status-publish","format-standard","has-post-thumbnail","hentry","category-estado"],"jetpack_featured_media_url":"https:\/\/encuentroinformativo.com.mx\/wp-content\/uploads\/2022\/10\/96C87988-CBE1-443C-9BF0-968A0C26413F.jpeg","jetpack_sharing_enabled":true,"jetpack_likes_enabled":true,"amp_enabled":true,"_links":{"self":[{"href":"https:\/\/encuentroinformativo.com.mx\/index.php?rest_route=\/wp\/v2\/posts\/33204","targetHints":{"allow":["GET"]}}],"collection":[{"href":"https:\/\/encuentroinformativo.com.mx\/index.php?rest_route=\/wp\/v2\/posts"}],"about":[{"href":"https:\/\/encuentroinformativo.com.mx\/index.php?rest_route=\/wp\/v2\/types\/post"}],"author":[{"embeddable":true,"href":"https:\/\/encuentroinformativo.com.mx\/index.php?rest_route=\/wp\/v2\/users\/1"}],"replies":[{"embeddable":true,"href":"https:\/\/encuentroinformativo.com.mx\/index.php?rest_route=%2Fwp%2Fv2%2Fcomments&post=33204"}],"version-history":[{"count":1,"href":"https:\/\/encuentroinformativo.com.mx\/index.php?rest_route=\/wp\/v2\/posts\/33204\/revisions"}],"predecessor-version":[{"id":33208,"href":"https:\/\/encuentroinformativo.com.mx\/index.php?rest_route=\/wp\/v2\/posts\/33204\/revisions\/33208"}],"wp:featuredmedia":[{"embeddable":true,"href":"https:\/\/encuentroinformativo.com.mx\/index.php?rest_route=\/wp\/v2\/media\/33205"}],"wp:attachment":[{"href":"https:\/\/encuentroinformativo.com.mx\/index.php?rest_route=%2Fwp%2Fv2%2Fmedia&parent=33204"}],"wp:term":[{"taxonomy":"category","embeddable":true,"href":"https:\/\/encuentroinformativo.com.mx\/index.php?rest_route=%2Fwp%2Fv2%2Fcategories&post=33204"},{"taxonomy":"post_tag","embeddable":true,"href":"https:\/\/encuentroinformativo.com.mx\/index.php?rest_route=%2Fwp%2Fv2%2Ftags&post=33204"}],"curies":[{"name":"wp","href":"https:\/\/api.w.org\/{rel}","templated":true}]}}