{"id":33209,"date":"2022-10-29T16:40:10","date_gmt":"2022-10-29T21:40:10","guid":{"rendered":"https:\/\/encuentroinformativo.com.mx\/?p=33209"},"modified":"2022-10-29T16:40:15","modified_gmt":"2022-10-29T21:40:15","slug":"se-impulsan-tradiciones-por-dia-de-muertos","status":"publish","type":"post","link":"https:\/\/encuentroinformativo.com.mx\/?p=33209","title":{"rendered":"Se impulsan tradiciones por D\u00eda de Muertos"},"content":{"rendered":"\n<p><strong>Dar\u00edo Pale <\/strong><\/p>\n\n\n\n<p>Xalapa, Ver.- Participar\u00edan m\u00e1s de 10 mil catrinas en el desfile de este s\u00e1bado, partir\u00e1 del Teatro del Estado a plaza Lerdo, ser\u00eda el desfile m\u00e1s importante de todo el Estado, as\u00ed lo se\u00f1al\u00f3 el secretario de Gobierno, Eric Cisneros Burgos.<\/p>\n\n\n\n<p>Entrevistado previo a la inauguraci\u00f3n de los altares dio a conocer que la tarde de este s\u00e1bado se sumar\u00edan m\u00e1s de 10 mil participantes en el desfile de catrinas &#8220;M\u00e1gico Veracruz&#8221; en su tercera edici\u00f3n.<\/p>\n\n\n\n<p>&#8220;Quiz\u00e1 esta se va a convertir en la tradici\u00f3n m\u00e1s fuerte que va a haber en Veracruz y el desfile m\u00e1s importante del Estado&#8221;, se\u00f1al\u00f3.<\/p>\n\n\n\n<p>Posteriormente se realizar\u00e1 la inauguraci\u00f3n de 50 altares que se colocaron en el parque Ju\u00e1rez, as\u00ed como una muestra artesanal.<\/p>\n\n\n\n<p>Destac\u00f3 que est\u00e1 misma tarde se inaugurar\u00e1 el altar afro en la plaza Lerdo y en ese sentido, record\u00f3 que el a\u00f1o pasado fue un altar totonaco, mientras que el antepasado fue sobre la cultura Huasteca.<\/p>\n\n\n\n<p>&#8220;Todos los a\u00f1os es un homenaje a alguna de las diversas culturas que hay en Veracruz, este a\u00f1o les toc\u00f3 a la cultura afrodescendiente que tambi\u00e9n, a diferencia de los pueblos originarios que tambi\u00e9n&#8230; s\u00f3lo la Olmeca tiene 3 mil 800 a\u00f1os, pero la afrodescendiente tiene poco m\u00e1s de 500 a\u00f1os&#8221;, coment\u00f3.<\/p>\n\n\n\n<p>Aclar\u00f3 que el desfile para la tarde de este s\u00e1bado, que partir\u00e1 del Teatro del Estado a la plaza Lerdo, se reunir\u00e1n trabajadores del Gobierno, pero tambi\u00e9n de los municipios, vienen de todas las regiones del Estado.<\/p>\n\n\n\n<p>&#8220;Pr\u00e1cticamente todos los que est\u00e1n en el parque Ju\u00e1rez tienen un contingente para desfilar y cada uno tiene una concepci\u00f3n distinta del festejo de D\u00eda de Muertos&#8221;, inform\u00f3.<\/p>\n\n\n\n<p>Finalmente Cisneros Burgos dijo que a lo largo del Estado no ha habido ning\u00fan incidente, todo lo contrario, la gente se est\u00e1 preparando para recibir a sus muertos a los grandes y peque\u00f1os, con mucha alegr\u00eda.<\/p>\n","protected":false},"excerpt":{"rendered":"<p>Dar\u00edo Pale Xalapa, Ver.- Participar\u00edan m\u00e1s de 10 mil catrinas en el desfile de este s\u00e1bado, partir\u00e1 del Teatro del Estado a plaza Lerdo, ser\u00eda el desfile m\u00e1s importante de todo el Estado, as\u00ed lo se\u00f1al\u00f3 el secretario de Gobierno, Eric Cisneros Burgos. Entrevistado previo a la inauguraci\u00f3n de los altares dio a conocer que [&hellip;]<\/p>\n","protected":false},"author":1,"featured_media":33210,"comment_status":"open","ping_status":"open","sticky":false,"template":"","format":"standard","meta":{"_jetpack_memberships_contains_paid_content":false,"footnotes":""},"categories":[2],"tags":[],"class_list":["post-33209","post","type-post","status-publish","format-standard","has-post-thumbnail","hentry","category-estado"],"jetpack_featured_media_url":"https:\/\/encuentroinformativo.com.mx\/wp-content\/uploads\/2022\/10\/88AE8CC3-53B3-446B-906F-730E024DDFA6.jpeg","jetpack_sharing_enabled":true,"jetpack_likes_enabled":true,"amp_enabled":true,"_links":{"self":[{"href":"https:\/\/encuentroinformativo.com.mx\/index.php?rest_route=\/wp\/v2\/posts\/33209","targetHints":{"allow":["GET"]}}],"collection":[{"href":"https:\/\/encuentroinformativo.com.mx\/index.php?rest_route=\/wp\/v2\/posts"}],"about":[{"href":"https:\/\/encuentroinformativo.com.mx\/index.php?rest_route=\/wp\/v2\/types\/post"}],"author":[{"embeddable":true,"href":"https:\/\/encuentroinformativo.com.mx\/index.php?rest_route=\/wp\/v2\/users\/1"}],"replies":[{"embeddable":true,"href":"https:\/\/encuentroinformativo.com.mx\/index.php?rest_route=%2Fwp%2Fv2%2Fcomments&post=33209"}],"version-history":[{"count":1,"href":"https:\/\/encuentroinformativo.com.mx\/index.php?rest_route=\/wp\/v2\/posts\/33209\/revisions"}],"predecessor-version":[{"id":33211,"href":"https:\/\/encuentroinformativo.com.mx\/index.php?rest_route=\/wp\/v2\/posts\/33209\/revisions\/33211"}],"wp:featuredmedia":[{"embeddable":true,"href":"https:\/\/encuentroinformativo.com.mx\/index.php?rest_route=\/wp\/v2\/media\/33210"}],"wp:attachment":[{"href":"https:\/\/encuentroinformativo.com.mx\/index.php?rest_route=%2Fwp%2Fv2%2Fmedia&parent=33209"}],"wp:term":[{"taxonomy":"category","embeddable":true,"href":"https:\/\/encuentroinformativo.com.mx\/index.php?rest_route=%2Fwp%2Fv2%2Fcategories&post=33209"},{"taxonomy":"post_tag","embeddable":true,"href":"https:\/\/encuentroinformativo.com.mx\/index.php?rest_route=%2Fwp%2Fv2%2Ftags&post=33209"}],"curies":[{"name":"wp","href":"https:\/\/api.w.org\/{rel}","templated":true}]}}