{"id":33212,"date":"2022-10-29T17:05:12","date_gmt":"2022-10-29T22:05:12","guid":{"rendered":"https:\/\/encuentroinformativo.com.mx\/?p=33212"},"modified":"2022-10-29T17:05:16","modified_gmt":"2022-10-29T22:05:16","slug":"se-mejoraran-salarios-de-policias-municipales-ahued","status":"publish","type":"post","link":"https:\/\/encuentroinformativo.com.mx\/?p=33212","title":{"rendered":"Se mejorar\u00e1n salarios de polic\u00edas municipales: Ahued"},"content":{"rendered":"\n<p><strong>Dar\u00edo Pale <\/strong><\/p>\n\n\n\n<p>Xalapa, Ver.- El presidente municipal de Xalapa, Ricardo Ahued Bardahuil dio a conocer que, el pr\u00f3ximo mes incrementar\u00e1n mil quinientos pesos el salario de los polic\u00edas municipales para que cobren 14 mil 500 y esperan llegar a pagar el pr\u00f3ximo a\u00f1o de 16 a 16 mil 500 pesos mensuales.<\/p>\n\n\n\n<p>Entrevistado posterior a la inauguraci\u00f3n de la <strong>Feria del Tamal y el Atole<\/strong> en el parque Ju\u00e1rez se\u00f1al\u00f3 que, debido al cambio de horario la luz en en municipio y en los negocios van de acuerdo a lo que indica la naturaleza.<\/p>\n\n\n\n<p>&#8220;Hay d\u00edas m\u00e1s largos m\u00e1s cortos y los negocios con horario o sin horario se adaptan para tener la iluminaci\u00f3n, tanto en el ayuntamiento como en las calles, el tema de tener \u00a0m\u00e1s cuidado pues siempre se tiene y se va a hacer, hemos decidido incentivar a los polic\u00edas para ponerlos de aqu\u00ed a fin de a\u00f1o y el a\u00f1o que entra colaborar con una mejor percepci\u00f3n econ\u00f3mica&#8221;, se\u00f1al\u00f3.<\/p>\n\n\n\n<p>Coment\u00f3 que el d\u00eda de ayer decidieron incorporar a los polic\u00edas con un incremento al salario en enero se hace la siguiente para que los polic\u00edas de Xalapa est\u00e9n ganando casi al mismo nivel que los estatales para motivarlos m\u00e1s y tendr\u00e1n m\u00e1s polic\u00edas certificados.<\/p>\n\n\n\n<p>Esperan que la capacitaci\u00f3n y el sueldo les convengan para tener mayor contrataci\u00f3n, ya que esperan poder contratar para el pr\u00f3ximo a\u00f1o cien elementos m\u00e1s capacitados por lo cual deben tener un atractivo econ\u00f3mico para que les convenga.<\/p>\n\n\n\n<p>Actualmente est\u00e1n por abajo de los 13 mil pesos mensuales de aqu\u00ed a fin de a\u00f1o se incrementar\u00e1 a 14 mil 500 y esperan que para el pr\u00f3ximo a\u00f1o lleguen a 16 o 16 mil 500 dependiendo del presupuesto del pr\u00f3ximo a\u00f1o donde tambi\u00e9n ocupar\u00e1n en equipamiento aproximadamente entre 10 o 12 millones de pesos.<\/p>\n\n\n\n<p>Finalmente dio a conocer que la mayor\u00eda de los aspirantes que quieren ingresar a la polic\u00eda est\u00e1n aprobando los ex\u00e1menes, por lo que lamentan que por alguna raz\u00f3n algunos no aprueben los ex\u00e1menes.<\/p>\n","protected":false},"excerpt":{"rendered":"<p>Dar\u00edo Pale Xalapa, Ver.- El presidente municipal de Xalapa, Ricardo Ahued Bardahuil dio a conocer que, el pr\u00f3ximo mes incrementar\u00e1n mil quinientos pesos el salario de los polic\u00edas municipales para que cobren 14 mil 500 y esperan llegar a pagar el pr\u00f3ximo a\u00f1o de 16 a 16 mil 500 pesos mensuales. Entrevistado posterior a la [&hellip;]<\/p>\n","protected":false},"author":1,"featured_media":33213,"comment_status":"open","ping_status":"open","sticky":false,"template":"","format":"standard","meta":{"_jetpack_memberships_contains_paid_content":false,"footnotes":""},"categories":[3],"tags":[],"class_list":["post-33212","post","type-post","status-publish","format-standard","has-post-thumbnail","hentry","category-xalapa"],"jetpack_featured_media_url":"https:\/\/encuentroinformativo.com.mx\/wp-content\/uploads\/2022\/10\/281D819F-A48E-40DB-B297-5CB6E79C9C8E.jpeg","jetpack_sharing_enabled":true,"jetpack_likes_enabled":true,"amp_enabled":true,"_links":{"self":[{"href":"https:\/\/encuentroinformativo.com.mx\/index.php?rest_route=\/wp\/v2\/posts\/33212","targetHints":{"allow":["GET"]}}],"collection":[{"href":"https:\/\/encuentroinformativo.com.mx\/index.php?rest_route=\/wp\/v2\/posts"}],"about":[{"href":"https:\/\/encuentroinformativo.com.mx\/index.php?rest_route=\/wp\/v2\/types\/post"}],"author":[{"embeddable":true,"href":"https:\/\/encuentroinformativo.com.mx\/index.php?rest_route=\/wp\/v2\/users\/1"}],"replies":[{"embeddable":true,"href":"https:\/\/encuentroinformativo.com.mx\/index.php?rest_route=%2Fwp%2Fv2%2Fcomments&post=33212"}],"version-history":[{"count":1,"href":"https:\/\/encuentroinformativo.com.mx\/index.php?rest_route=\/wp\/v2\/posts\/33212\/revisions"}],"predecessor-version":[{"id":33214,"href":"https:\/\/encuentroinformativo.com.mx\/index.php?rest_route=\/wp\/v2\/posts\/33212\/revisions\/33214"}],"wp:featuredmedia":[{"embeddable":true,"href":"https:\/\/encuentroinformativo.com.mx\/index.php?rest_route=\/wp\/v2\/media\/33213"}],"wp:attachment":[{"href":"https:\/\/encuentroinformativo.com.mx\/index.php?rest_route=%2Fwp%2Fv2%2Fmedia&parent=33212"}],"wp:term":[{"taxonomy":"category","embeddable":true,"href":"https:\/\/encuentroinformativo.com.mx\/index.php?rest_route=%2Fwp%2Fv2%2Fcategories&post=33212"},{"taxonomy":"post_tag","embeddable":true,"href":"https:\/\/encuentroinformativo.com.mx\/index.php?rest_route=%2Fwp%2Fv2%2Ftags&post=33212"}],"curies":[{"name":"wp","href":"https:\/\/api.w.org\/{rel}","templated":true}]}}